{"id":203539,"date":"2026-06-14T13:38:25","date_gmt":"2026-06-14T13:38:25","guid":{"rendered":"https:\/\/www.europesays.com\/ee\/203539\/"},"modified":"2026-06-14T13:38:25","modified_gmt":"2026-06-14T13:38:25","slug":"beazt-fight-night-delfi","status":"publish","type":"post","link":"https:\/\/www.europesays.com\/ee\/203539\/","title":{"rendered":"Beazt Fight Night &#8211; Delfi"},"content":{"rendered":"<ol>\n<li><a href=\"https:\/\/news.google.com\/rss\/articles\/CBMiY0FVX3lxTFAyUW45MUFUTFJJUjhJVE9VYk9CR2diZWwzTlFUaGx6ZkI0U0laaUY2aTFITFVrVloxcWVqMzZnekxncGtuT1BNSkhqZldnSnFBTE5aZS1KTmJrT2xGeG43ajVaRQ?oc=5\" target=\"_blank\" rel=\"nofollow noopener\">Beazt Fight Night<\/a>&nbsp;&nbsp;Delfi<\/li>\n<li><a href=\"https:\/\/news.google.com\/rss\/articles\/CBMi5gFBVV95cUxPS3dhVEFUTl92SGZPUmRCYjBTbFBhbmxndFpGUmZKOGViemctTXNKRlNxLWd2bzk5dWFNOVV2Q1lsR2pyY3pxSEh4dVRFbm5jd3Nyenkzb0RLeEhTWWVEMUx3RElOc0d0MFdjUTRwb09WNzlsMnRaa011MDV4TzJxa2k1bUY4a21oQk1Ud3B0T3Q5T3Q1dHd0ZGZiS0dGWTAtSEJ0UzhvTDkyRE4zcWhWME9rLUFRaHhfWTFucTYwRGF4STlSbXJHbzVVRHpvbzNwVWdaeHlTQl9GSEdlcHlKempveXNtdw?oc=5\" target=\"_blank\" rel=\"nofollow noopener\">FOTOD JA VIDEO | Uku J\u00fcrjendal l\u00f5i Kultuurikatlas rootslasel MMA kinnastega \u201etuled kustu\u201c. Kas Beazt Fight tuli, et j\u00e4\u00e4da?<\/a>&nbsp;&nbsp;Delfi Sport<\/li>\n<li><a href=\"https:\/\/news.google.com\/rss\/articles\/CBMijgFBVV95cUxOb3JHbEJSWDlRdmNsTXRWVjJ3a1RDdTI3UlY1Tjh2RXhOMnF3dkIyU2lMWXE1V1MzTmp2M0gwYmQ3ZjR4cGpUV2cyYmNkb21LaTNMVUQ4eWh4OTJvbV9JVXBVRFpVeHljTTI1bmRRRm5CYlkyblI4V0d2TXVBdXR4MEdaeng1c2h3SG51ZnV3?oc=5\" target=\"_blank\" rel=\"nofollow noopener\">FOTOD | Uku J\u00fcrjendal l\u00f5i Rootsi v\u00e4gilase nokauti<\/a>&nbsp;&nbsp;\u00d5htuleht<\/li>\n<li><a href=\"https:\/\/news.google.com\/rss\/articles\/CBMi5wFBVV95cUxQUHZvN2NQNkNPbTUwdDBndXh6clpjU2FlT2hxdHJ6cEk5cUZGVUplWkhIeWRhVDNzVl8tYkE0TDlsd1p6UU1Ud0I1dGY2U09UdDVWRzdsRWRyVHdqdTI5S2pyY0o0ODVYbEItaklRLWVpRXFrVWJfSUVfb3g3LUZsVUg3MmhIWVFJNDlyZW9oVUpkX29zaERjanE4eno1dXNQYWNHdWYtczE3RmlVTVBvV3hJYTQ2VTNab0NCNHlmMHNuM2h5dzBWQ1c4a0UtdlBlYW1zaHB3bHVOZzN0STJMSmxPaUc1Nkk?oc=5\" target=\"_blank\" rel=\"nofollow noopener\">GALERII | Eesti gladiaator Uku J\u00fcrjendal oma maailmakuulsast vastasest: teeb k\u00f5va h\u00e4\u00e4lt ja minust k\u00f5vasti suurem poiss, aga\u2026<\/a>&nbsp;&nbsp;\u00d5htuleht<\/li>\n<li><a href=\"https:\/\/news.google.com\/rss\/articles\/CBMi1AFBVV95cUxPVkU5X19BU2xpd2pINDhWOGRyZVJvRjljZ0dEZXhPNWI1RDZNNFp6VnVuVkVCdGY2SVUtb3BBdDUtOFpGU2RNZzBiYTlDbXE5TkRxV3M2YUhjQ3JHZ2poLTZOYXdzbHNEd09qWV9QRm0xbE1YRE9FTkFvVEFGRVpRbFZyTG9VRXUtVHJjYVBGSDliNnZMTW5QYi0teHo0NERhT1Z3dnBVX2trNEJWX2pjUGhnU25BQXc0aVBOM2dpbVVBb2RTSDA0RkxwXzFzc1JRTzVEZw?oc=5\" target=\"_blank\" rel=\"nofollow noopener\">DELFI VIDEO | Uku J\u00fcrjendal Beazt Fight Nighti korraldusest: tundub suurejooneline ja v\u00e4ga p\u00f5hjalik<\/a>&nbsp;&nbsp;Delfi Sport<\/li>\n<\/ol>\n","protected":false},"excerpt":{"rendered":"Beazt Fight Night&nbsp;&nbsp;Delfi FOTOD JA VIDEO | Uku J\u00fcrjendal l\u00f5i Kultuurikatlas rootslasel MMA kinnastega \u201etuled kustu\u201c. Kas Beazt&hellip;\n","protected":false},"author":2,"featured_media":203540,"comment_status":"","ping_status":"","sticky":false,"template":"","format":"standard","meta":{"footnotes":"","_share_on_mastodon":"0"},"categories":[18],"tags":[687,679,667,673,688,663,662,37,33,35,684,683,692,34,36,208,148,206,668,669,381,686,677,694,691,339,680,671,672,377,690,144,678,665,693,676,666,322,664,150,695,685,159,158,394,682,674,675,689,222,20,670,681,149],"class_list":["post-203539","post","type-post","status-publish","format-standard","has-post-thumbnail","category-sport","tag-ajaviide","tag-autoleht","tag-blog","tag-cv","tag-date","tag-defli","tag-delfi","tag-ee","tag-eesti","tag-eesti-keel","tag-ekaart","tag-email","tag-erootika","tag-estonia","tag-estonian","tag-film","tag-foto","tag-horoskoop","tag-ilm","tag-ilmaennustus","tag-internet","tag-kaart","tag-kava","tag-kindlustus","tag-kinnisvara","tag-kuulutused","tag-lasteleht","tag-loto","tag-majandus","tag-mangud","tag-mobiil","tag-muusika","tag-naisteleht","tag-naljad","tag-otsing","tag-pank","tag-pilt","tag-raadio","tag-reklaam","tag-seks","tag-sms","tag-solo","tag-sport","tag-sports","tag-tarkvara","tag-tasuta","tag-too","tag-toopakkumised","tag-tutvus","tag-tv","tag-uudised","tag-valimised","tag-valuuta","tag-video"],"share_on_mastodon":{"url":"https:\/\/pubeurope.com\/@ee\/116748740436806509","error":""},"_links":{"self":[{"href":"https:\/\/www.europesays.com\/ee\/wp-json\/wp\/v2\/posts\/203539","targetHints":{"allow":["GET"]}}],"collection":[{"href":"https:\/\/www.europesays.com\/ee\/wp-json\/wp\/v2\/posts"}],"about":[{"href":"https:\/\/www.europesays.com\/ee\/wp-json\/wp\/v2\/types\/post"}],"author":[{"embeddable":true,"href":"https:\/\/www.europesays.com\/ee\/wp-json\/wp\/v2\/users\/2"}],"replies":[{"embeddable":true,"href":"https:\/\/www.europesays.com\/ee\/wp-json\/wp\/v2\/comments?post=203539"}],"version-history":[{"count":0,"href":"https:\/\/www.europesays.com\/ee\/wp-json\/wp\/v2\/posts\/203539\/revisions"}],"wp:featuredmedia":[{"embeddable":true,"href":"https:\/\/www.europesays.com\/ee\/wp-json\/wp\/v2\/media\/203540"}],"wp:attachment":[{"href":"https:\/\/www.europesays.com\/ee\/wp-json\/wp\/v2\/media?parent=203539"}],"wp:term":[{"taxonomy":"category","embeddable":true,"href":"https:\/\/www.europesays.com\/ee\/wp-json\/wp\/v2\/categories?post=203539"},{"taxonomy":"post_tag","embeddable":true,"href":"https:\/\/www.europesays.com\/ee\/wp-json\/wp\/v2\/tags?post=203539"}],"curies":[{"name":"wp","href":"https:\/\/api.w.org\/{rel}","templated":true}]}}