{"id":203823,"date":"2026-06-14T21:13:11","date_gmt":"2026-06-14T21:13:11","guid":{"rendered":"https:\/\/www.europesays.com\/ee\/203823\/"},"modified":"2026-06-14T21:13:11","modified_gmt":"2026-06-14T21:13:11","slug":"valencia-lopetas-drelli-klubi-hooaja-korvpall","status":"publish","type":"post","link":"https:\/\/www.europesays.com\/ee\/203823\/","title":{"rendered":"Valencia l\u00f5petas Drelli klubi hooaja | Korvpall"},"content":{"rendered":"<p>Henri Drelli klubi Badalona Joventut kaotas Hispaania meistriv\u00f5istluste poolfinaali kolmanda kohtumise kodus Valenciale 75:87 (18:20, 21:21, 16:23, 20:23) ja kogu seeria null-kolm.<\/p>\n<p>Kui kolmandal veerandil juhtis Joventut veel 52:48, siis k\u00fclalised vastasid sellele lausa 16:0 spurdiga. Sellest kodumeeskond enam v\u00e4lja tulla ei suutnud. Viimasel perioodil v\u00e4hendati vahe krraks viiele (71:76), aga l\u00f5puks v\u00f5itis Valencia siiski kindlalt.<\/p>\n<p>Drell m\u00e4ngis kuus minutit ja skoori ei teinud (kahesed 0\/1, kolmesed 0\/1). Meeskonna paremad olid Ricky Rubio 17 ja Jabari Parker 15 punktiga. Valenciat vedas 24 silma korjanud Jean Montero.<\/p>\n<p>Valencia v\u00f5itis seega seeria kolm-null ja edenes finaalis, kus astub vastu sama skoori Tenerife alistanud Barcelona.<\/p>\n<p>Joventuti ja Valencia seeria k\u00f5ige tasav\u00e4gisem kohtumine oli eismene, mille Valencia v\u00f5itis kodus lisaajal 118:117. Teises m\u00e4ngus j\u00e4i Valencia samuti kodus peale 90:76.<\/p>\n<p>Sander Raieste klubi Murcia hooaeg sai l\u00e4bi veerandfinaaliga, kus kaotati Barcelonale m\u00e4ngudega \u00fcks-kaks.<\/p>\n","protected":false},"excerpt":{"rendered":"Henri Drelli klubi Badalona Joventut kaotas Hispaania meistriv\u00f5istluste poolfinaali kolmanda kohtumise kodus Valenciale 75:87 (18:20, 21:21, 16:23, 20:23)&hellip;\n","protected":false},"author":2,"featured_media":203824,"comment_status":"","ping_status":"","sticky":false,"template":"","format":"standard","meta":{"footnotes":"","_share_on_mastodon":"0"},"categories":[18],"tags":[40,37,33,35,34,36,41,159,158,1139],"class_list":["post-203823","post","type-post","status-publish","format-standard","has-post-thumbnail","category-sport","tag-badalona-joventut","tag-ee","tag-eesti","tag-eesti-keel","tag-estonia","tag-estonian","tag-henri-drell","tag-sport","tag-sports","tag-valencia"],"share_on_mastodon":{"url":"https:\/\/pubeurope.com\/@ee\/116750529691196183","error":""},"_links":{"self":[{"href":"https:\/\/www.europesays.com\/ee\/wp-json\/wp\/v2\/posts\/203823","targetHints":{"allow":["GET"]}}],"collection":[{"href":"https:\/\/www.europesays.com\/ee\/wp-json\/wp\/v2\/posts"}],"about":[{"href":"https:\/\/www.europesays.com\/ee\/wp-json\/wp\/v2\/types\/post"}],"author":[{"embeddable":true,"href":"https:\/\/www.europesays.com\/ee\/wp-json\/wp\/v2\/users\/2"}],"replies":[{"embeddable":true,"href":"https:\/\/www.europesays.com\/ee\/wp-json\/wp\/v2\/comments?post=203823"}],"version-history":[{"count":0,"href":"https:\/\/www.europesays.com\/ee\/wp-json\/wp\/v2\/posts\/203823\/revisions"}],"wp:featuredmedia":[{"embeddable":true,"href":"https:\/\/www.europesays.com\/ee\/wp-json\/wp\/v2\/media\/203824"}],"wp:attachment":[{"href":"https:\/\/www.europesays.com\/ee\/wp-json\/wp\/v2\/media?parent=203823"}],"wp:term":[{"taxonomy":"category","embeddable":true,"href":"https:\/\/www.europesays.com\/ee\/wp-json\/wp\/v2\/categories?post=203823"},{"taxonomy":"post_tag","embeddable":true,"href":"https:\/\/www.europesays.com\/ee\/wp-json\/wp\/v2\/tags?post=203823"}],"curies":[{"name":"wp","href":"https:\/\/api.w.org\/{rel}","templated":true}]}}