{"id":203875,"date":"2026-06-14T22:42:43","date_gmt":"2026-06-14T22:42:43","guid":{"rendered":"https:\/\/www.europesays.com\/ee\/203875\/"},"modified":"2026-06-14T22:42:43","modified_gmt":"2026-06-14T22:42:43","slug":"ufc-valge-maja-voitlusohtu-peamatsis-oodatakse-grusiini-kerkimist-toeliste-legendide-sekka","status":"publish","type":"post","link":"https:\/\/www.europesays.com\/ee\/203875\/","title":{"rendered":"UFC Valge Maja v\u00f5itlus\u00f5htu peamat\u0161is oodatakse grusiini kerkimist t\u00f5eliste legendide sekka"},"content":{"rendered":"<p>Maailma kuulsaim vabav\u00f5itlussari <a rel=\"noopener nofollow\" target=\"_blank\" href=\"https:\/\/www.delfi.ee\/teema\/63185960\/ufc\" tag-id=\"63185960\">UFC<\/a> j\u00f5uab sel n\u00e4dalavahetusel oma populaarsuse edendamisel t\u00e4iesti uuele tasemele. Nimelt peetakse seekordne v\u00f5itlus\u00f5htu Valge Maja territooriumil. Seejuures kannab \u00fcritus ka tavap\u00e4rasest erilisemat nime. UFC Freedom 250 viitab USA iseseisvusdeklaratsiooni vastuv\u00f5tmise 250. aastap\u00e4evale. USA t\u00e4histab iseseisvusp\u00e4eva siiski 4. juulil. Korraldajate s\u00f5nul ei olnud antud kuup\u00e4eval v\u00f5imalik logistilistel p\u00f5hjustel v\u00f5istlus\u00f5htut Valge Maja territooriumil korraldada. Nii valiti v\u00e4lja 14. juuni ehk p\u00e4ev, millal USA president Donalt Trump saab 80-aastaseks.<\/p>\n<p>V\u00f5idult-v\u00f5idule sammuv Topuria<\/p>\n<p>Oled juba tellija?Logi sisse<\/p>\n<p><a href=\"https:\/\/sport.delfi.ee\/artikkel\/120590710\/ufc-valge-maja-voitlusohtu-peamatsis-oodatakse-grusiini-kerkimist-toeliste-legendide-sekka\/kommentaarid\" class=\"article-body-bottom__comment article-body-bottom__comment--write button button--primary button--size-auto\" rel=\"nofollow noopener\" target=\"_blank\"> Kommenteeri <\/a><a href=\"https:\/\/sport.delfi.ee\/artikkel\/120590710\/ufc-valge-maja-voitlusohtu-peamatsis-oodatakse-grusiini-kerkimist-toeliste-legendide-sekka\/kommentaarid\" class=\"article-body-bottom__comment article-body-bottom__comment--read button button--size-auto\" rel=\"nofollow noopener\" target=\"_blank\"> Loe kommentaare (3)<\/a><\/p>\n","protected":false},"excerpt":{"rendered":"Maailma kuulsaim vabav\u00f5itlussari UFC j\u00f5uab sel n\u00e4dalavahetusel oma populaarsuse edendamisel t\u00e4iesti uuele tasemele. Nimelt peetakse seekordne v\u00f5itlus\u00f5htu Valge&hellip;\n","protected":false},"author":2,"featured_media":203876,"comment_status":"","ping_status":"","sticky":false,"template":"","format":"standard","meta":{"footnotes":"","_share_on_mastodon":"0"},"categories":[14],"tags":[84079,131,130,37,33,35,34,36,84080,84078,8056],"class_list":["post-203875","post","type-post","status-publish","format-standard","has-post-thumbnail","category-ari","tag-alex-pereira","tag-ari","tag-business","tag-ee","tag-eesti","tag-eesti-keel","tag-estonia","tag-estonian","tag-ilia-topuria","tag-justin-gaethje","tag-ufc"],"share_on_mastodon":{"url":"https:\/\/pubeurope.com\/@ee\/116750879486698405","error":""},"_links":{"self":[{"href":"https:\/\/www.europesays.com\/ee\/wp-json\/wp\/v2\/posts\/203875","targetHints":{"allow":["GET"]}}],"collection":[{"href":"https:\/\/www.europesays.com\/ee\/wp-json\/wp\/v2\/posts"}],"about":[{"href":"https:\/\/www.europesays.com\/ee\/wp-json\/wp\/v2\/types\/post"}],"author":[{"embeddable":true,"href":"https:\/\/www.europesays.com\/ee\/wp-json\/wp\/v2\/users\/2"}],"replies":[{"embeddable":true,"href":"https:\/\/www.europesays.com\/ee\/wp-json\/wp\/v2\/comments?post=203875"}],"version-history":[{"count":0,"href":"https:\/\/www.europesays.com\/ee\/wp-json\/wp\/v2\/posts\/203875\/revisions"}],"wp:featuredmedia":[{"embeddable":true,"href":"https:\/\/www.europesays.com\/ee\/wp-json\/wp\/v2\/media\/203876"}],"wp:attachment":[{"href":"https:\/\/www.europesays.com\/ee\/wp-json\/wp\/v2\/media?parent=203875"}],"wp:term":[{"taxonomy":"category","embeddable":true,"href":"https:\/\/www.europesays.com\/ee\/wp-json\/wp\/v2\/categories?post=203875"},{"taxonomy":"post_tag","embeddable":true,"href":"https:\/\/www.europesays.com\/ee\/wp-json\/wp\/v2\/tags?post=203875"}],"curies":[{"name":"wp","href":"https:\/\/api.w.org\/{rel}","templated":true}]}}