{"id":203972,"date":"2026-06-15T04:05:11","date_gmt":"2026-06-15T04:05:11","guid":{"rendered":"https:\/\/www.europesays.com\/ee\/203972\/"},"modified":"2026-06-15T04:05:11","modified_gmt":"2026-06-15T04:05:11","slug":"tallinna-reaalkooli-uus-hoone-kallines-kahe-aastaga-kolmandiku-vorra-eesti","status":"publish","type":"post","link":"https:\/\/www.europesays.com\/ee\/203972\/","title":{"rendered":"Tallinna Reaalkooli uus hoone kallines kahe aastaga kolmandiku v\u00f5rra | Eesti"},"content":{"rendered":"<p>Isamaalasest linnapea Peeter Raudsepp \u00fctles kolmap\u00e4eval saates <a href=\"https:\/\/www.err.ee\/1610051374\/raudsepp-hakkame-arhitektide-asemel-kasutama-rohkem-standardlahendusi\" target=\"_blank\" rel=\"noopener nofollow\">&#8220;Otse uudistemajast&#8221;<\/a>, et linnale on suur kulu, et uute hoonete ehitamisel ei v\u00f5eta kasutusele standardlahendusi, vaid korraldatakse uhke arhitektuurikonkurss ning tellitakse arhitektidelt erilahendusi.<\/p>\n<p>Ta t\u00f5i negatiivse n\u00e4itena Tallinna Reaalkooli uue hoone, kuhu tellitakse umbes 27 000 euro eest \u00f5petajate tuppa kapp.<\/p>\n<p>&#8220;Nii see on, kui ametnikud k\u00f5ik asjad sisse v\u00f5tavad. Kui neil on ette antud arhitekt ja sisearhitekt ja seal v\u00f5etakse k\u00f5ik vastu selliselt nagu tuleb. Hanke v\u00f5idab n\u00e4iteks ainus pakkuja, saab teha korraliku hinna. P\u00e4rast kui neid asju tuleb asendada ja muuta tuleb j\u00e4lle p\u00f6\u00f6rduda selle sama sisearhitekti poole. K\u00e4imegi seda kallist teed edasi,&#8221; \u00fctles linnapea.<\/p>\n<p>Reaalkooli juurdeehituse vastutav arhitekt Johan Tali Molumba arhitektib\u00fcroost r\u00e4\u00e4kis, et tegelikult ei ole see aga \u00fcldse tavaline kapp, vaid sisuliselt terve \u00f5petajate toa m\u00f6\u00f6bel \u2013 kolm meetrit k\u00f5rge ning k\u00fcmme meetrit lai.<\/p>\n<p>&#8220;Seal on garderoob, seal on v\u00e4ike k\u00f6\u00f6ginurk, lisaks on sinna \u00e4ra pakitud ka panipaigad \u00f5ppevahenditele, mida neil on [reaalainete ja loodusteaduste \u2013 toim.] kompetentsikeskuses vaja. See natuke alusetu intriig, seda kappi on seal p\u00e4ris palju selle raha eest. Seal on k\u00fclmkapp, minu arust isegi printer oli sees,&#8221; selgitas ta.<\/p>\n<p>Tali s\u00f5nas, et oma olemuselt on kapp tegelikult \u00f5ige lihtne, melamiinist. &#8220;See ei ole kindlasti kuidagi \u00fcle kullatud v\u00f5i v\u00e4ga keerulistest materjalidest tehtud, pigem on ta t\u00e4iesti tavaline kapp ja selliseid kappe on meil seal maja peale veelgi,&#8221; lisas ta.<\/p>\n<p>Arhitekt s\u00f5nas, et p\u00f5hjus, miks kapp nii palju maksab, tuleneb osati ka sellest, et linn hakkas m\u00f6\u00f6blit v\u00f5i sisekujundust hankima alles suve alguses, tingimusega, et k\u00f5ik peab olema olemas suve l\u00f5puks.<\/p>\n<p>&#8220;\u00dcsna keeruline on leida \u00fchtegi pakkujat, kes tahaks terve suve, kui kogu Euroopa puhkab, \u00fckski m\u00f6\u00f6blitootja ega materjalitarnija v\u00e4ga toru ei v\u00f5ta, v\u00f5tta selle vastutuse ja riski, et k\u00f5ik \u00f5igeks ajaks valmis saada. Ma kujutan ette, et sellega k\u00e4ib paratamatult kaasas ka v\u00e4ike riskinumber, mis kirjutatakse lihtsalt hinnale otsa, et kui ei saa, siis kuskilt ikka saab. Niimoodi tuligi vist ainult \u00fcks pakkuja, kes saigi dikteerida oma hinna sellele kapile ja k\u00f5igele muule,&#8221; r\u00e4\u00e4kis Tali.<\/p>\n<p>Johan Tali lisas, et tegelikult pole reaalkooli sisustus ka midagi eriskummalist, kui seda v\u00f5rrelda n\u00e4iteks viimase k\u00fcmnendi jooksul ehitatud riigig\u00fcmnaasiumidega.<\/p>\n<p>&#8220;See ei ole midagi sellist, mille \u00fcle me saaksime \u00f6elda, et me m\u00f5tlesime midagi v\u00e4ga lahedat ja \u00e4gedat v\u00e4lja, sisuliselt on k\u00f5ik uued koolimajad selliseid kappe t\u00e4is,&#8221; m\u00e4rkis arhitekt<\/p>\n<p>Arhitekt: \u00fchele kapile ei peaks nii palju t\u00e4helepanu p\u00f6\u00f6rama<\/p>\n<p>Arhitekt r\u00e4\u00e4kis, et alguses oli l\u00e4hte\u00fclesanne, et ehitatakse uus maja ja vana maja keldriruumid tehakse korda. Siis tuli s\u00f5num, et ka vanas majas tuleb \u00fcmberkorraldusi teha, n\u00e4iteks tuli kaasajastada klassiruumide valgustust ning ventilatsioonis\u00fcsteemi. Ehk siis tagantj\u00e4rele tarkusena nenditi, et ehitusprojekti mahtu peab t\u00f5stma.<\/p>\n<p>Tali r\u00e4\u00e4kis, et linnavara ametil olid juba alguses ebarealistlikud ootused sellele, kui palju kesklinnas keskaegse kindlustusm\u00fc\u00fcri otsa sarnase hoone ehitamine v\u00f5iks maksta. N\u00e4iteks ei arvestatud, et arheoloogilisteks v\u00e4ljakaevamisteks kulub plaanitust miljon eurot rohkem.<\/p>\n<p>Tegelikult ei peakski arhitekti s\u00f5nul aga \u00fcldse nii palju t\u00e4helepanu \u00fchele kapile p\u00f6\u00f6rama.<\/p>\n<p>&#8220;K\u00f5ik need asjad on tegelikult salamisi hiilinud, m\u00f5nes m\u00f5ttes arusaadavalt ja loogiliselt projekti sisse ja kokku annavadki need suhteliselt kr\u00f5beda eelarverea. Selles olukorras on \u00fcsna inetu hakata ilkuma selle \u00fcle, et kuskil on \u00fcks h\u00e4sti kallis kapp saanud. Isegi kui see maja oleks ilma m\u00f6\u00f6blita j\u00e4\u00e4nud, oleks see mitu miljonit \u00fcle eelarve l\u00e4inud,&#8221; \u00fctles Tali.<\/p>\n<p><img decoding=\"async\" data-photo-id=\"3659818\" src=\"https:\/\/www.europesays.com\/ee\/wp-content\/uploads\/2026\/06\/3659818h8ae6t24.jpg\"\/>Reaalkooli uue hoone \u00f5petajate toa kapp ehk kompetentsikeskuse k\u00f6\u00f6k. Autor\/allikas: Molumba arhitektuurib\u00fcroo<\/p>\n<p>Kahe aastaga kallines reaalkooli uus hoone kolmandiku v\u00f5rra<\/p>\n<p>\u00a0Linnavaraametist \u00f6eldi, et reaalkooli uue hoone rajamine maksab kokku 30 miljonit eurot. Selle summa sees on nii sisustus, projekteerimine kui ka arheoloogilised kaevamised.<\/p>\n<p>Veel kaks aastat tagasi kavandas linnavaraamet aga, et uus hoone maksab 22 miljonit eurot. Kahe aastaga on uus hoone kallinenud seega pea kolmandiku v\u00f5rra.<\/p>\n<p>Linnavaraameti kinnisvaraarenduse ja -halduse teenistuse juht Marko Sula \u00fctles, et kallinemine oli tingitud osalt arheoloogiliste v\u00e4ljakaevamiste tulemustest, teisalt ka geoloogilistest tingimustest.<\/p>\n<p><a href=\"https:\/\/www.err.ee\/1609053497\/leiud-tallinna-reaalkooli-valjakaevamistelt-ullatavad-ajaloolasi\" target=\"_blank\" rel=\"noopener nofollow\">&#8220;Aktuaalne kaamera&#8221;<\/a> kajastas 2023. aasta s\u00fcgisel, kuidas keskajal oli Tallinna reaalkooli kohal \u00f5itsev eeslinn ning v\u00e4ljakaevamistelt saadud leitud \u00fcllatasid ajaloolasi. Eriti hinnaliseks osutus \u00fcks \u00fcsna igap\u00e4evane pudrupott.<\/p>\n<p>\u00dcle\u00fcldiselt aga linnavaraamet sarnaseid uute hoonete projekte tema s\u00f5nul eelarveliselt ei alahinda, pigem kallinevad objektid seet\u00f5ttu, et turuolukord muutub. Sula selgitas, et kui investeering h\u00f5lmab endas ajaloolisi hooneid, siis k\u00e4ivad nendega ka teatud riskid kaasas, mist\u00f5ttu peab ka hoone kallinemisega rohkem arvestama.<\/p>\n<p>Abilinnapea Kante kritiseeris linnavaraametit<\/p>\n<p>Tallinna hariduse valdkonna abilinnapea Andrei Kante (Keskerakond) t\u00f5des, et tegelikult on k\u00f5ikide hoonete v\u00f5i objektide puhul m\u00e4rgata, et need l\u00e4hevad kallimaks ning see teeb talle muret.<\/p>\n<p>&#8220;Antud juhul me r\u00e4\u00e4gime pigem sisustusest ja see sisustuse pool on t\u00f5epoolest v\u00e4ga kallis ning siin oleks v\u00f5inud sisemised protsessid linnavaraametis olla paremini korraldatud. Hanke v\u00e4ljakuulutamine v\u00f5iks olla palju varem, et ka teised pakkujad tuleksid ja pakuksid midagi,&#8221; m\u00e4rkis Kante.<\/p>\n<p>Ta lisas, et\u00a0 linnavaraamet on n\u00fc\u00fcd v\u00e4rvanud ka uue spetsialisti, kes hakkab tegelema sisearhitektuuri hangetega.<\/p>\n<p>Millal siis ikkagi v\u00f5iksid valmida esimesed koolihooned ilma arhitektuurikonkursita? Kante r\u00e4\u00e4kis, et see praktika on alles kujunemas.<\/p>\n<p>&#8220;Praegu valmivad Kalamaja p\u00f5hikooli juurdeehitus ja ka Martsa kool, aga ehituses on praegu ka Westholmi g\u00fcmnaasiumi juurdeehitus, kus on samuti h\u00e4sti palju erilahendusi juba sisse programmeeritud,&#8221; s\u00f5nas ta.<\/p>\n<p>Kante selgitas, et seni oli l\u00e4henemine, et linn ehitab vanade koolimajade asemele uued koolimajad &#8220;V\u00f5ib-olla teatud koolide puhul tulebki arvestada just nimelt renoveerimisega ja sellest tulenevalt kasutada ka standardlahendusi,&#8221; \u00fctles ta.<\/p>\n<p>Kante r\u00e4\u00e4kis, et p\u00e4ris igal pool siiski standardlahendusi teha ei saa ning m\u00f5nikord on ka arhitektuurikonkursid koolimajade rajamisel \u00f5igustatud. N\u00e4iteks ilma arhitektuurikonkursita poleks tema s\u00f5nul saanud reaalkooli rajadagi.<\/p>\n<p>&#8220;Haridusvaldkonna abilinnapeana on meie ja minu isiklik huvi kindlasti see, et kool saaks \u00f5igeaegselt valmis. Seet\u00f5ttu saame praegu lihtsalt t\u00f5deda, et see konkreetne objekt l\u00e4ks kallimaks ja tuleb edasi minna. Nutame ja maksame,&#8221; \u00fctles Kante.<\/p>\n","protected":false},"excerpt":{"rendered":"Isamaalasest linnapea Peeter Raudsepp \u00fctles kolmap\u00e4eval saates &#8220;Otse uudistemajast&#8221;, et linnale on suur kulu, et uute hoonete ehitamisel&hellip;\n","protected":false},"author":2,"featured_media":203973,"comment_status":"","ping_status":"","sticky":false,"template":"","format":"standard","meta":{"footnotes":"","_share_on_mastodon":"0"},"categories":[5],"tags":[21259,26,27,37,33,35,34,36,31,32,21,84100,28,29,11495,19,4130,25,5940,23,24,22,20,30],"class_list":["post-203972","post","type-post","status-publish","format-standard","has-post-thumbnail","category-uldised-uudised","tag-andrei-kante","tag-breaking-news","tag-breakingnews","tag-ee","tag-eesti","tag-eesti-keel","tag-estonia","tag-estonian","tag-featured-news","tag-featurednews","tag-headlines","tag-johan-tali","tag-latest-news","tag-latestnews","tag-molumba","tag-news","tag-peeter-raudsepp","tag-populaarseimad-lood","tag-tallinna-reaalkool","tag-top-stories","tag-topstories","tag-uldised-uudised","tag-uudised","tag-viimased-uudised"],"share_on_mastodon":{"url":"https:\/\/pubeurope.com\/@ee\/116752149821500729","error":""},"_links":{"self":[{"href":"https:\/\/www.europesays.com\/ee\/wp-json\/wp\/v2\/posts\/203972","targetHints":{"allow":["GET"]}}],"collection":[{"href":"https:\/\/www.europesays.com\/ee\/wp-json\/wp\/v2\/posts"}],"about":[{"href":"https:\/\/www.europesays.com\/ee\/wp-json\/wp\/v2\/types\/post"}],"author":[{"embeddable":true,"href":"https:\/\/www.europesays.com\/ee\/wp-json\/wp\/v2\/users\/2"}],"replies":[{"embeddable":true,"href":"https:\/\/www.europesays.com\/ee\/wp-json\/wp\/v2\/comments?post=203972"}],"version-history":[{"count":0,"href":"https:\/\/www.europesays.com\/ee\/wp-json\/wp\/v2\/posts\/203972\/revisions"}],"wp:featuredmedia":[{"embeddable":true,"href":"https:\/\/www.europesays.com\/ee\/wp-json\/wp\/v2\/media\/203973"}],"wp:attachment":[{"href":"https:\/\/www.europesays.com\/ee\/wp-json\/wp\/v2\/media?parent=203972"}],"wp:term":[{"taxonomy":"category","embeddable":true,"href":"https:\/\/www.europesays.com\/ee\/wp-json\/wp\/v2\/categories?post=203972"},{"taxonomy":"post_tag","embeddable":true,"href":"https:\/\/www.europesays.com\/ee\/wp-json\/wp\/v2\/tags?post=203972"}],"curies":[{"name":"wp","href":"https:\/\/api.w.org\/{rel}","templated":true}]}}