{"id":204077,"date":"2026-06-15T06:47:38","date_gmt":"2026-06-15T06:47:38","guid":{"rendered":"https:\/\/www.europesays.com\/ee\/204077\/"},"modified":"2026-06-15T06:47:38","modified_gmt":"2026-06-15T06:47:38","slug":"baristadest-ja-keevitajatest-kuni-googlei-ja-peter-thielini-spacex-i-ipo-tegi-hulga-inimesi-rikkamaks","status":"publish","type":"post","link":"https:\/\/www.europesays.com\/ee\/204077\/","title":{"rendered":"Baristadest ja keevitajatest kuni Google\u2019i ja Peter Thielini. SpaceX-i IPO tegi hulga inimesi rikkamaks"},"content":{"rendered":"<p>V\u00f5itjate seast leiab nii Silicon Valley riskikapitaliste ja ettev\u00f5tte tippjuhte kui ka tehnikuid, keevitajaid ja baristasid. M\u00f5ni aga kahetseb n\u00fc\u00fcd, et vahetas osaluse kunagi kinkekaardi vastu.<\/p>\n<p>Suurimate kasusaajate nimekirja tipus on ilmselgelt Elon Musk, kelle varade v\u00e4\u00e4rtus kasvas paari p\u00e4evaga enam kui 400 miljardi dollari v\u00f5rra. Eesti riik saaks praeguse eelarve juures \u00fcle 15 aasta selle summaga \u00e4ra elada. <\/p>\n<p>Bloombergi hinnangul on Muski varade v\u00e4\u00e4rtus n\u00fc\u00fcdseks 1,1 triljonit dollarit, millest valdava osa moodustab just osalus SpaceX-is. See t\u00e4hendab, et maailma rikkaima mehe varad on v\u00e4\u00e4rt sama palju kui j\u00e4rgmisel neljal kokku. \u00dcmmarguselt on Muskil triljon dollarit rohkem kui k\u00f5ikidel eestlastel kokku. Muski triljon\u00e4ri staatus s\u00f5ltub l\u00f5ppkokkuv\u00f5ttes muidugi ka sellest, kas SpaceX-i aktsia esimene p\u00e4ev peegeldab ka ettev\u00f5tte tegelikku v\u00e4\u00e4rtust.<\/p>\n<p>Insenerist hotelliomanikuks<\/p>\n<p>Oled juba tellija?Logi sisse<\/p>\n<p><a href=\"https:\/\/arileht.delfi.ee\/artikkel\/120590637\/baristadest-ja-keevitajatest-kuni-google-i-ja-peter-thielini-spacex-i-ipo-tegi-hulga-inimesi-rikkamaks\/kommentaarid\" class=\"article-body-bottom__comment article-body-bottom__comment--write button button--primary button--size-auto\" rel=\"nofollow noopener\" target=\"_blank\"> Kommenteeri <\/a><a href=\"https:\/\/arileht.delfi.ee\/artikkel\/120590637\/baristadest-ja-keevitajatest-kuni-google-i-ja-peter-thielini-spacex-i-ipo-tegi-hulga-inimesi-rikkamaks\/kommentaarid\" class=\"article-body-bottom__comment article-body-bottom__comment--read button button--size-auto\" rel=\"nofollow noopener\" target=\"_blank\"> Loe kommentaare (80)<\/a><\/p>\n","protected":false},"excerpt":{"rendered":"V\u00f5itjate seast leiab nii Silicon Valley riskikapitaliste ja ettev\u00f5tte tippjuhte kui ka tehnikuid, keevitajaid ja baristasid. M\u00f5ni aga&hellip;\n","protected":false},"author":2,"featured_media":204078,"comment_status":"","ping_status":"","sticky":false,"template":"","format":"standard","meta":{"footnotes":"","_share_on_mastodon":"0"},"categories":[14],"tags":[131,130,37,33,35,846,34,36,3024,19921,26044,28922],"class_list":["post-204077","post","type-post","status-publish","format-standard","has-post-thumbnail","category-ari","tag-ari","tag-business","tag-ee","tag-eesti","tag-eesti-keel","tag-elon-musk","tag-estonia","tag-estonian","tag-google","tag-ipo","tag-peter-thiel","tag-spacex"],"share_on_mastodon":{"url":"https:\/\/pubeurope.com\/@ee\/116752786590899184","error":""},"_links":{"self":[{"href":"https:\/\/www.europesays.com\/ee\/wp-json\/wp\/v2\/posts\/204077","targetHints":{"allow":["GET"]}}],"collection":[{"href":"https:\/\/www.europesays.com\/ee\/wp-json\/wp\/v2\/posts"}],"about":[{"href":"https:\/\/www.europesays.com\/ee\/wp-json\/wp\/v2\/types\/post"}],"author":[{"embeddable":true,"href":"https:\/\/www.europesays.com\/ee\/wp-json\/wp\/v2\/users\/2"}],"replies":[{"embeddable":true,"href":"https:\/\/www.europesays.com\/ee\/wp-json\/wp\/v2\/comments?post=204077"}],"version-history":[{"count":0,"href":"https:\/\/www.europesays.com\/ee\/wp-json\/wp\/v2\/posts\/204077\/revisions"}],"wp:featuredmedia":[{"embeddable":true,"href":"https:\/\/www.europesays.com\/ee\/wp-json\/wp\/v2\/media\/204078"}],"wp:attachment":[{"href":"https:\/\/www.europesays.com\/ee\/wp-json\/wp\/v2\/media?parent=204077"}],"wp:term":[{"taxonomy":"category","embeddable":true,"href":"https:\/\/www.europesays.com\/ee\/wp-json\/wp\/v2\/categories?post=204077"},{"taxonomy":"post_tag","embeddable":true,"href":"https:\/\/www.europesays.com\/ee\/wp-json\/wp\/v2\/tags?post=204077"}],"curies":[{"name":"wp","href":"https:\/\/api.w.org\/{rel}","templated":true}]}}