{"id":204197,"date":"2026-06-15T09:24:06","date_gmt":"2026-06-15T09:24:06","guid":{"rendered":"https:\/\/www.europesays.com\/ee\/204197\/"},"modified":"2026-06-15T09:24:06","modified_gmt":"2026-06-15T09:24:06","slug":"kirjanik-mihkel-mutt-palvis-tartu-raamatu-auhinna","status":"publish","type":"post","link":"https:\/\/www.europesays.com\/ee\/204197\/","title":{"rendered":"Kirjanik Mihkel Mutt p\u00e4lvis Tartu Raamatu auhinna"},"content":{"rendered":"<p>Linnaraamatukogu andis v\u00e4lja Tartu Raamatu auhinna. Tartu Raamatu laureaadi valimisel on aluseks nii teose kirjanduslik v\u00e4\u00e4rtus kui ka teoses sisalduv tartulikkus. Sellega on t\u00e4navu linnaraamatukogu \u017e\u00fcrii hinnangul k\u00f5ige paremini hakkama saanud Mihkel Mutt.<\/p>\n<p>Auhinna laureaadiks on Mihkel Mutt oma teosega \u00abTartu tuld toomas. Linnauitaja \u00fclest\u00e4hendusi taaskohtumisel\u00bb, kellele anti auhind \u00fcle Tartu linnaraamatukogus toimunud kohtumis\u00f5htul.<\/p>\n","protected":false},"excerpt":{"rendered":"Linnaraamatukogu andis v\u00e4lja Tartu Raamatu auhinna. Tartu Raamatu laureaadi valimisel on aluseks nii teose kirjanduslik v\u00e4\u00e4rtus kui ka&hellip;\n","protected":false},"author":2,"featured_media":203506,"comment_status":"","ping_status":"","sticky":false,"template":"","format":"standard","meta":{"footnotes":"","_share_on_mastodon":"0"},"categories":[12],"tags":[4843,26,27,37,33,35,591,34,36,31,32,21,28,29,3448,19,25,249,1802,23,24,4842,22,293,20,30],"class_list":["post-204197","post","type-post","status-publish","format-standard","has-post-thumbnail","category-eesti","tag-annelinn","tag-breaking-news","tag-breakingnews","tag-ee","tag-eesti","tag-eesti-keel","tag-emajogi","tag-estonia","tag-estonian","tag-featured-news","tag-featurednews","tag-headlines","tag-latest-news","tag-latestnews","tag-maaulikool","tag-news","tag-populaarseimad-lood","tag-tartu","tag-tartumaa","tag-top-stories","tag-topstories","tag-tu","tag-uldised-uudised","tag-ulikool","tag-uudised","tag-viimased-uudised"],"share_on_mastodon":{"url":"https:\/\/pubeurope.com\/@ee\/116753403919754842","error":""},"_links":{"self":[{"href":"https:\/\/www.europesays.com\/ee\/wp-json\/wp\/v2\/posts\/204197","targetHints":{"allow":["GET"]}}],"collection":[{"href":"https:\/\/www.europesays.com\/ee\/wp-json\/wp\/v2\/posts"}],"about":[{"href":"https:\/\/www.europesays.com\/ee\/wp-json\/wp\/v2\/types\/post"}],"author":[{"embeddable":true,"href":"https:\/\/www.europesays.com\/ee\/wp-json\/wp\/v2\/users\/2"}],"replies":[{"embeddable":true,"href":"https:\/\/www.europesays.com\/ee\/wp-json\/wp\/v2\/comments?post=204197"}],"version-history":[{"count":0,"href":"https:\/\/www.europesays.com\/ee\/wp-json\/wp\/v2\/posts\/204197\/revisions"}],"wp:featuredmedia":[{"embeddable":true,"href":"https:\/\/www.europesays.com\/ee\/wp-json\/wp\/v2\/media\/203506"}],"wp:attachment":[{"href":"https:\/\/www.europesays.com\/ee\/wp-json\/wp\/v2\/media?parent=204197"}],"wp:term":[{"taxonomy":"category","embeddable":true,"href":"https:\/\/www.europesays.com\/ee\/wp-json\/wp\/v2\/categories?post=204197"},{"taxonomy":"post_tag","embeddable":true,"href":"https:\/\/www.europesays.com\/ee\/wp-json\/wp\/v2\/tags?post=204197"}],"curies":[{"name":"wp","href":"https:\/\/api.w.org\/{rel}","templated":true}]}}