{"id":204283,"date":"2026-06-15T10:51:21","date_gmt":"2026-06-15T10:51:21","guid":{"rendered":"https:\/\/www.europesays.com\/ee\/204283\/"},"modified":"2026-06-15T10:51:21","modified_gmt":"2026-06-15T10:51:21","slug":"mereuuringud-naitavad-et-groonimaa-lahistel-toimub-midagi-muret-tekitavat","status":"publish","type":"post","link":"https:\/\/www.europesays.com\/ee\/204283\/","title":{"rendered":"Mereuuringud n\u00e4itavad, et Gr\u00f6\u00f6nimaa l\u00e4histel toimub midagi muret tekitavat"},"content":{"rendered":"<p class=\"p1\">Ajakirja <a target=\"_blank\" rel=\"noopener noreferrer nofollow\" href=\"https:\/\/www.newscientist.com\/article\/2529078-mysterious-cold-blob-in-the-atlantic-suggests-the-amoc-is-weakening\/\">New Scientist aruande<\/a> kohaselt leidub \u00fcha rohkem t\u00f5endeid selle kohta, et Atlandi ookeani hoovuste tsirkulatsioonis\u00fcsteem (ingl Atlantic Meridional Overturning Circulation, AMOC) on hakanud aeglustuma. AMOC on massiivne s\u00fcvamerehoovuste s\u00fcsteem, mis toimib justkui maailma ookeanide konveierilint. Aeglustumise tagaj\u00e4rjel saavad Gr\u00f6\u00f6nimaa j\u00e4\u00e4kilbi k\u00fclmad veed P\u00f5hja-Atlandile koguneda ja tekib niinimetatud k\u00fclm laik, mis \u00fclej\u00e4\u00e4nud maailma soojenemise taustal aina jaheneb.<\/p>\n","protected":false},"excerpt":{"rendered":"Ajakirja New Scientist aruande kohaselt leidub \u00fcha rohkem t\u00f5endeid selle kohta, et Atlandi ookeani hoovuste tsirkulatsioonis\u00fcsteem (ingl Atlantic&hellip;\n","protected":false},"author":2,"featured_media":204165,"comment_status":"","ping_status":"","sticky":false,"template":"","format":"standard","meta":{"footnotes":"","_share_on_mastodon":"0"},"categories":[80],"tags":[286,313,297,301,281,26,27,37,33,35,311,34,36,31,32,309,282,315,21,307,304,287,302,28,29,291,285,283,305,95,310,303,299,19,298,289,25,314,296,290,312,300,169,284,292,280,295,308,23,24,22,293,288,20,294,30,92,93,94,306],"class_list":["post-204283","post","type-post","status-publish","format-standard","has-post-thumbnail","category-maailm","tag-ajalugu","tag-antiigiaeg","tag-arheoloogia","tag-asteroid","tag-biograafia","tag-breaking-news","tag-breakingnews","tag-ee","tag-eesti","tag-eesti-keel","tag-elusloodus","tag-estonia","tag-estonian","tag-featured-news","tag-featurednews","tag-geneetika","tag-geograafia","tag-geoloogia","tag-headlines","tag-kaitumine","tag-keskkond","tag-kosmos","tag-kosmoselaev","tag-latest-news","tag-latestnews","tag-leiutaja","tag-loodus","tag-loodusteadus","tag-loomad","tag-maailm","tag-malu","tag-nasa","tag-new-scientist","tag-news","tag-okoloogia","tag-planeet","tag-populaarseimad-lood","tag-pronksiaeg","tag-psuhholoogia","tag-rakett","tag-rauaaeg","tag-satelliit","tag-statistika","tag-tapisteadus","tag-teadlane","tag-teadus","tag-teadustoo","tag-tervis","tag-top-stories","tag-topstories","tag-uldised-uudised","tag-ulikool","tag-universum","tag-uudised","tag-uuring","tag-viimased-uudised","tag-world","tag-world-news","tag-worldnews","tag-zooloogia"],"share_on_mastodon":{"url":"","error":"Validation failed: Text character limit of 500 exceeded"},"_links":{"self":[{"href":"https:\/\/www.europesays.com\/ee\/wp-json\/wp\/v2\/posts\/204283","targetHints":{"allow":["GET"]}}],"collection":[{"href":"https:\/\/www.europesays.com\/ee\/wp-json\/wp\/v2\/posts"}],"about":[{"href":"https:\/\/www.europesays.com\/ee\/wp-json\/wp\/v2\/types\/post"}],"author":[{"embeddable":true,"href":"https:\/\/www.europesays.com\/ee\/wp-json\/wp\/v2\/users\/2"}],"replies":[{"embeddable":true,"href":"https:\/\/www.europesays.com\/ee\/wp-json\/wp\/v2\/comments?post=204283"}],"version-history":[{"count":0,"href":"https:\/\/www.europesays.com\/ee\/wp-json\/wp\/v2\/posts\/204283\/revisions"}],"wp:featuredmedia":[{"embeddable":true,"href":"https:\/\/www.europesays.com\/ee\/wp-json\/wp\/v2\/media\/204165"}],"wp:attachment":[{"href":"https:\/\/www.europesays.com\/ee\/wp-json\/wp\/v2\/media?parent=204283"}],"wp:term":[{"taxonomy":"category","embeddable":true,"href":"https:\/\/www.europesays.com\/ee\/wp-json\/wp\/v2\/categories?post=204283"},{"taxonomy":"post_tag","embeddable":true,"href":"https:\/\/www.europesays.com\/ee\/wp-json\/wp\/v2\/tags?post=204283"}],"curies":[{"name":"wp","href":"https:\/\/api.w.org\/{rel}","templated":true}]}}