{"id":204323,"date":"2026-06-15T11:32:13","date_gmt":"2026-06-15T11:32:13","guid":{"rendered":"https:\/\/www.europesays.com\/ee\/204323\/"},"modified":"2026-06-15T11:32:13","modified_gmt":"2026-06-15T11:32:13","slug":"kumus-jouab-sugisel-publiku-ette-eva-kolditsa-ja-mingo-rajandi-elajannad%c2%b2-teater","status":"publish","type":"post","link":"https:\/\/www.europesays.com\/ee\/204323\/","title":{"rendered":"Kumus j\u00f5uab s\u00fcgisel publiku ette Eva Kolditsa ja Mingo Rajandi &#8220;Elajannad\u00b2&#8221; | Teater"},"content":{"rendered":"<p>14. septembril esietendub Kumu auditooriumis Mingo Rajandi ja Eva Koltsida lavastus &#8220;Elajannad\u00b2. Granaat\u00f5unapuu, anna mulle relvad&#8221;.<\/p>\n<p>Elajannad on Mingo Rajandi ja Eva Kolditsa loominguline duo, mis tegeleb muusika ja teatri u\u0308hendamisega uuteks vormideks viisil, kus need kaks on vo\u0303rdsed ja orgaanilised partnerid.<\/p>\n<p>Nende esimene lavastus 2023. aastal ka\u0308sitles naise teekonda la\u0308bi tema elukaare, tegeles naistele u\u0308hiskonna poolt seatud vo\u0303imatute valikute, tabude ja mahavaikitud teemadega, mis po\u0303lvest po\u0303lve emadelt tu\u0308tardele edasi kanduvad kujundades meie u\u0308hiskonna toimimisviise. Mingo Rajandi nomineeriti 2024. aastal &#8220;Elajannade&#8221; muusika eest Eesti Teatriauhindadel s\u00f5nalavastuste muusikalise kujunduse ja originaalmuusika auhinnale.<\/p>\n<p>&#8220;Elajannad\u00b2. Granaat\u00f5unapuu, anna mulle relvad&#8221; sukeldub l\u00e4hisuhtev\u00e4givalla teemadesse. &#8220;\u00dckski haav ega arm ei j\u00e4\u00e4 puudutamata, vaikuse plaastrid ja pimeduse palakad rebitakse pealt, h\u00e4bi koorik mureneb ja pudeneb liivaks\u2026 jalgade alla. Lummus kaob,&#8221; avatakse lavastuse tausta kodulehel.<\/p>\n<p>Tekstid on lavastusele kirjutanud Maarja Kangro, Lilli Luuk, Brigitta Davidjants, Kaisa Ling ning Triin Soomets, lavale astuvad Mirtel Pohla, Eva Koldits, Mingo Rajandi (kontrabass, elektroonika, vokaal), Tobias Tammearu (saksofon, elektroonika, vokaal), Andre Maaker (kitarrid, elektroonika), Andres Kaljuste (viiul, vioola, vokaal), Martin Petermann (trummid, elektroonika) ja Kadri Tegelmann (vokaal).<\/p>\n","protected":false},"excerpt":{"rendered":"14. septembril esietendub Kumu auditooriumis Mingo Rajandi ja Eva Koltsida lavastus &#8220;Elajannad\u00b2. Granaat\u00f5unapuu, anna mulle relvad&#8221;. Elajannad on&hellip;\n","protected":false},"author":2,"featured_media":204324,"comment_status":"","ping_status":"","sticky":false,"template":"","format":"standard","meta":{"footnotes":"","_share_on_mastodon":"0"},"categories":[16],"tags":[37,33,35,84167,84168,173,34,36,140,16629],"class_list":["post-204323","post","type-post","status-publish","format-standard","has-post-thumbnail","category-meelelahutus","tag-ee","tag-eesti","tag-eesti-keel","tag-elajannad","tag-elajannad2","tag-entertainment","tag-estonia","tag-estonian","tag-meelelahutus","tag-mingo-rajandi"],"share_on_mastodon":{"url":"https:\/\/pubeurope.com\/@ee\/116753907541721696","error":""},"_links":{"self":[{"href":"https:\/\/www.europesays.com\/ee\/wp-json\/wp\/v2\/posts\/204323","targetHints":{"allow":["GET"]}}],"collection":[{"href":"https:\/\/www.europesays.com\/ee\/wp-json\/wp\/v2\/posts"}],"about":[{"href":"https:\/\/www.europesays.com\/ee\/wp-json\/wp\/v2\/types\/post"}],"author":[{"embeddable":true,"href":"https:\/\/www.europesays.com\/ee\/wp-json\/wp\/v2\/users\/2"}],"replies":[{"embeddable":true,"href":"https:\/\/www.europesays.com\/ee\/wp-json\/wp\/v2\/comments?post=204323"}],"version-history":[{"count":0,"href":"https:\/\/www.europesays.com\/ee\/wp-json\/wp\/v2\/posts\/204323\/revisions"}],"wp:featuredmedia":[{"embeddable":true,"href":"https:\/\/www.europesays.com\/ee\/wp-json\/wp\/v2\/media\/204324"}],"wp:attachment":[{"href":"https:\/\/www.europesays.com\/ee\/wp-json\/wp\/v2\/media?parent=204323"}],"wp:term":[{"taxonomy":"category","embeddable":true,"href":"https:\/\/www.europesays.com\/ee\/wp-json\/wp\/v2\/categories?post=204323"},{"taxonomy":"post_tag","embeddable":true,"href":"https:\/\/www.europesays.com\/ee\/wp-json\/wp\/v2\/tags?post=204323"}],"curies":[{"name":"wp","href":"https:\/\/api.w.org\/{rel}","templated":true}]}}