{"id":204366,"date":"2026-06-15T12:29:10","date_gmt":"2026-06-15T12:29:10","guid":{"rendered":"https:\/\/www.europesays.com\/ee\/204366\/"},"modified":"2026-06-15T12:29:10","modified_gmt":"2026-06-15T12:29:10","slug":"rita-ray-30-sunnipaeva-eel-olen-mitmeid-kordi-moelnud-et-nuud-on-koik-ma-kaon-orbiidilt","status":"publish","type":"post","link":"https:\/\/www.europesays.com\/ee\/204366\/","title":{"rendered":"Rita Ray 30. s\u00fcnnip\u00e4eva eel: olen mitmeid kordi m\u00f5elnud, et n\u00fc\u00fcd on k\u00f5ik \u2013 ma kaon orbiidilt"},"content":{"rendered":"<p>\u201eOlen k\u00fcll mitmeid kordi m\u00f5elnud, et n\u00fc\u00fcd on k\u00f5ik, rohkem ei viitsi \u2013 j\u00e4tan laulmise, ei kirjuta enam \u00fchtegi lugu ja kaon orbiidilt t\u00e4iesti \u00e4ra \u2013 jah, neid aegu on olnud. Kuid l\u00f5puks olen ikkagi j\u00f5udnud sinnani, et pingutan selleks, et saaksin uuesti keskenduda <a rel=\"noopener nofollow\" target=\"_blank\" href=\"https:\/\/www.delfi.ee\/teema\/907\/muusika\" tag-id=\"907\">muusikale<\/a>. Sest see on tegelikult see, mis mulle r\u00f5\u00f5mu toob. Aga tihtipeale kogu olmem\u00fcra kuidagi ei lase lihtsalt keskenduda,\u201c t\u00f5deb Kristi.<\/p>\n","protected":false},"excerpt":{"rendered":"\u201eOlen k\u00fcll mitmeid kordi m\u00f5elnud, et n\u00fc\u00fcd on k\u00f5ik, rohkem ei viitsi \u2013 j\u00e4tan laulmise, ei kirjuta enam&hellip;\n","protected":false},"author":2,"featured_media":204367,"comment_status":"","ping_status":"","sticky":false,"template":"","format":"standard","meta":{"footnotes":"","_share_on_mastodon":"0"},"categories":[16],"tags":[37,33,35,173,34,36,24820,9472,26359,140,144,1299,5303,23438],"class_list":["post-204366","post","type-post","status-publish","format-standard","has-post-thumbnail","category-meelelahutus","tag-ee","tag-eesti","tag-eesti-keel","tag-entertainment","tag-estonia","tag-estonian","tag-kristi-raias","tag-labipolemine","tag-lauljad","tag-meelelahutus","tag-muusika","tag-polva","tag-pulmad","tag-rita-ray"],"share_on_mastodon":{"url":"https:\/\/pubeurope.com\/@ee\/116754131558203458","error":""},"_links":{"self":[{"href":"https:\/\/www.europesays.com\/ee\/wp-json\/wp\/v2\/posts\/204366","targetHints":{"allow":["GET"]}}],"collection":[{"href":"https:\/\/www.europesays.com\/ee\/wp-json\/wp\/v2\/posts"}],"about":[{"href":"https:\/\/www.europesays.com\/ee\/wp-json\/wp\/v2\/types\/post"}],"author":[{"embeddable":true,"href":"https:\/\/www.europesays.com\/ee\/wp-json\/wp\/v2\/users\/2"}],"replies":[{"embeddable":true,"href":"https:\/\/www.europesays.com\/ee\/wp-json\/wp\/v2\/comments?post=204366"}],"version-history":[{"count":0,"href":"https:\/\/www.europesays.com\/ee\/wp-json\/wp\/v2\/posts\/204366\/revisions"}],"wp:featuredmedia":[{"embeddable":true,"href":"https:\/\/www.europesays.com\/ee\/wp-json\/wp\/v2\/media\/204367"}],"wp:attachment":[{"href":"https:\/\/www.europesays.com\/ee\/wp-json\/wp\/v2\/media?parent=204366"}],"wp:term":[{"taxonomy":"category","embeddable":true,"href":"https:\/\/www.europesays.com\/ee\/wp-json\/wp\/v2\/categories?post=204366"},{"taxonomy":"post_tag","embeddable":true,"href":"https:\/\/www.europesays.com\/ee\/wp-json\/wp\/v2\/tags?post=204366"}],"curies":[{"name":"wp","href":"https:\/\/api.w.org\/{rel}","templated":true}]}}