{"id":204503,"date":"2026-06-15T14:46:07","date_gmt":"2026-06-15T14:46:07","guid":{"rendered":"https:\/\/www.europesays.com\/ee\/204503\/"},"modified":"2026-06-15T14:46:07","modified_gmt":"2026-06-15T14:46:07","slug":"ft-suurbritannia-peaministri-kinnisvara-ja-auto-suutamise-taga-oli-venemaa","status":"publish","type":"post","link":"https:\/\/www.europesays.com\/ee\/204503\/","title":{"rendered":"FT: Suurbritannia peaministri kinnisvara ja auto s\u00fc\u00fctamise taga oli Venemaa"},"content":{"rendered":"<p>Kolmas kohtualune, 35-aastane Petro Pochynok, m\u00f5isteti s\u00fc\u00fctamise vanden\u00f5us \u00f5igeks. K\u00f5ik kolm meest eitasid s\u00fc\u00fcdistusi. <\/p>\n<p>S\u00fcndmused said alguse 2025. aasta 8. mail P\u00f5hja-Londonis Kentish Townis, kui t\u00e4navalt leiti p\u00f5lemas peaministrile varem kuulunud Toyota. Kolm p\u00e4eva hiljem avastati tulekahju l\u00e4hedalasuvas Islingtonis korterites, kus Starmer oli elanud aastaid tagasi. <\/p>\n<p>12. mail s\u00fc\u00fcdati Kentish Townis sissep\u00e4\u00e4s majja, mis kuulub samuti peaministrile, kuid mida rentis tema vennanaine. Viimase r\u00fcnnaku ajal viibis naine koos perega hoones sees. <\/p>\n<p>P\u00f5lengutes keegi vigastada ei saanud. Financial Timesi teatel juhendas s\u00fc\u00fctajat Lavr\u00f5novit\u0161i Venemaalt tegutsenud varjunimega isik, kes oli seotud Kremli-meelse r\u00fchmitusega No Name. <\/p>\n<p>V\u00e4ljaande kirjeldusel ongi No Name ja teised sarnased toimijad v\u00f5tnud sihikule internetiavarused, et v\u00e4rvata k\u00e4silasi, kes on valmis edendama Venemaa geopoliitilisi huve ja k\u00fclvama l\u00e4\u00e4neriikides ebak\u00f5lasid.<\/p>\n<p>Lavr\u00f5novit\u0161 m\u00f5isteti \u00f5igeks s\u00fc\u00fcdistuses, mis puudutas teadlikku ja kavatsetud inimelude ohtu seadmist, kuid kohus m\u00f5istis ta s\u00fc\u00fcdi alternatiivsetes s\u00fc\u00fcdistuspunktides, vara kahjustamises tulekahju l\u00e4bi, olles seejuures ilmutanud hoolimatust inimelude ohustamise suhtes.<\/p>\n<p>Lavr\u00f5novit\u0161 kinnitas politseile, et ei teadnud r\u00fcnnatud objektide seotusest Briti peaministriga. <\/p>\n<p>Tema s\u00f5nul oli r\u00fcnnaku motiiviks puhtalt raha, mida ta vajas Ukrainas viibiva isa haiglaravi rahastamiseks. Mehele lubati s\u00fc\u00fctamise eest mitu tuhat naela, kuid politseil ei \u00f5nnestunud tuvastada, kas tasu ka reaalselt kohale j\u00f5udis. <\/p>\n<p>Varem oli ta sama suunaja \u00fclesandel levitanud plakateid ja selle eest lubatud h\u00fcvitise saanud. Politseile antud intervjuudes m\u00f5istis mees Venemaa tegevuse hukka ja nimetas president <a rel=\"noopener nofollow\" target=\"_blank\" href=\"https:\/\/www.delfi.ee\/teema\/23342331\/vladimir-putin\" tag-id=\"23342331\">Vladimir Putinit<\/a> terroristiks.<\/p>\n<p>Kuidas see lugu Sind end tundma pani? Saada <a href=\"https:\/\/www.delfi.ee\/artikkel\/120591069\/ft-suurbritannia-peaministri-kinnisvara-ja-auto-suutamise-taga-oli-venemaa\/kommentaarid\" class=\"article-body-bottom__comment article-body-bottom__comment--write button button--primary button--size-auto\" rel=\"nofollow noopener\" target=\"_blank\"> Kommenteeri <\/a><a href=\"https:\/\/www.delfi.ee\/artikkel\/120591069\/ft-suurbritannia-peaministri-kinnisvara-ja-auto-suutamise-taga-oli-venemaa\/kommentaarid\" class=\"article-body-bottom__comment article-body-bottom__comment--read button button--size-auto\" rel=\"nofollow noopener\" target=\"_blank\"> Loe kommentaare (40)<\/a><\/p>\n","protected":false},"excerpt":{"rendered":"Kolmas kohtualune, 35-aastane Petro Pochynok, m\u00f5isteti s\u00fc\u00fctamise vanden\u00f5us \u00f5igeks. K\u00f5ik kolm meest eitasid s\u00fc\u00fcdistusi. S\u00fcndmused said alguse 2025.&hellip;\n","protected":false},"author":2,"featured_media":204504,"comment_status":"","ping_status":"","sticky":false,"template":"","format":"standard","meta":{"footnotes":"","_share_on_mastodon":"0"},"categories":[80],"tags":[26,27,37,33,35,34,36,31,32,21,993,28,29,95,19,25,660,9577,23,24,22,20,30,661,92,93,94],"class_list":["post-204503","post","type-post","status-publish","format-standard","has-post-thumbnail","category-maailm","tag-breaking-news","tag-breakingnews","tag-ee","tag-eesti","tag-eesti-keel","tag-estonia","tag-estonian","tag-featured-news","tag-featurednews","tag-headlines","tag-keir-starmer","tag-latest-news","tag-latestnews","tag-maailm","tag-news","tag-populaarseimad-lood","tag-suurbritannia","tag-suutamine","tag-top-stories","tag-topstories","tag-uldised-uudised","tag-uudised","tag-viimased-uudised","tag-vladimir-putin","tag-world","tag-world-news","tag-worldnews"],"share_on_mastodon":{"url":"https:\/\/pubeurope.com\/@ee\/116754670320384134","error":""},"_links":{"self":[{"href":"https:\/\/www.europesays.com\/ee\/wp-json\/wp\/v2\/posts\/204503","targetHints":{"allow":["GET"]}}],"collection":[{"href":"https:\/\/www.europesays.com\/ee\/wp-json\/wp\/v2\/posts"}],"about":[{"href":"https:\/\/www.europesays.com\/ee\/wp-json\/wp\/v2\/types\/post"}],"author":[{"embeddable":true,"href":"https:\/\/www.europesays.com\/ee\/wp-json\/wp\/v2\/users\/2"}],"replies":[{"embeddable":true,"href":"https:\/\/www.europesays.com\/ee\/wp-json\/wp\/v2\/comments?post=204503"}],"version-history":[{"count":0,"href":"https:\/\/www.europesays.com\/ee\/wp-json\/wp\/v2\/posts\/204503\/revisions"}],"wp:featuredmedia":[{"embeddable":true,"href":"https:\/\/www.europesays.com\/ee\/wp-json\/wp\/v2\/media\/204504"}],"wp:attachment":[{"href":"https:\/\/www.europesays.com\/ee\/wp-json\/wp\/v2\/media?parent=204503"}],"wp:term":[{"taxonomy":"category","embeddable":true,"href":"https:\/\/www.europesays.com\/ee\/wp-json\/wp\/v2\/categories?post=204503"},{"taxonomy":"post_tag","embeddable":true,"href":"https:\/\/www.europesays.com\/ee\/wp-json\/wp\/v2\/tags?post=204503"}],"curies":[{"name":"wp","href":"https:\/\/api.w.org\/{rel}","templated":true}]}}