{"id":204515,"date":"2026-06-15T14:58:22","date_gmt":"2026-06-15T14:58:22","guid":{"rendered":"https:\/\/www.europesays.com\/ee\/204515\/"},"modified":"2026-06-15T14:58:22","modified_gmt":"2026-06-15T14:58:22","slug":"fotod-metsad-on-tais-pisikesi-kukeseeni-ja-puravikke-mukoloog-poidlast-vaiksemaid-seeni-ma-ei-korja","status":"publish","type":"post","link":"https:\/\/www.europesays.com\/ee\/204515\/","title":{"rendered":"FOTOD | Metsad on t\u00e4is pisikesi kukeseeni ja puravikke. M\u00fckoloog: p\u00f6idlast v\u00e4iksemaid seeni ma ei korja"},"content":{"rendered":"<p><img decoding=\"async\" src=\"https:\/\/www.europesays.com\/ee\/wp-content\/uploads\/2026\/06\/54b392a4-9d84-4e15-a62a-1cfd1d105abf.jpg\" loading=\"lazy\" alt=\"V\u00e4ikeseid seeni v\u00f5ib k\u00fcll korjata, kuid m\u00fckoloogi s\u00f5nul v\u00f5iks m\u00f5ned ka metsa j\u00e4\u00e4da.\"\/><\/p>\n<p>V\u00e4ikeseid seeni v\u00f5ib k\u00fcll korjata, kuid m\u00fckoloogi s\u00f5nul v\u00f5iks m\u00f5ned ka metsa j\u00e4\u00e4da.<\/p>\n<p>FOTO: Liilia Kilk| Erakogu<\/p>\n<p>M\u00fckoloog <a rel=\"noopener nofollow\" target=\"_blank\" href=\"https:\/\/www.delfi.ee\/teema\/70251675\/leho-tedersoo\" tag-id=\"70251675\">Leho Tedersoo<\/a> s\u00f5nab, et kuigi praegu on metsaalused juba kukeseentest kollased, siis kevadisi seeni oli kuivuse t\u00f5ttu suhteliselt v\u00e4he. \u201eV\u00f5ib-olla m\u00f5jutas t\u00e4navust seente levikut halvasti ka eelmise aasta kevadine seeneuputus,\u201c t\u00f5deb ekspert. <\/p>\n","protected":false},"excerpt":{"rendered":"V\u00e4ikeseid seeni v\u00f5ib k\u00fcll korjata, kuid m\u00fckoloogi s\u00f5nul v\u00f5iks m\u00f5ned ka metsa j\u00e4\u00e4da. FOTO: Liilia Kilk| Erakogu M\u00fckoloog&hellip;\n","protected":false},"author":2,"featured_media":204516,"comment_status":"","ping_status":"","sticky":false,"template":"","format":"standard","meta":{"footnotes":"","_share_on_mastodon":"0"},"categories":[12],"tags":[26,27,37,33,35,34,36,31,32,21,39539,28,29,84205,19,25,84206,11592,84204,23,24,22,20,30],"class_list":["post-204515","post","type-post","status-publish","format-standard","has-post-thumbnail","category-eesti","tag-breaking-news","tag-breakingnews","tag-ee","tag-eesti","tag-eesti-keel","tag-estonia","tag-estonian","tag-featured-news","tag-featurednews","tag-headlines","tag-kukeseened","tag-latest-news","tag-latestnews","tag-leho-tedersoo","tag-news","tag-populaarseimad-lood","tag-puravikud","tag-seened","tag-soogiseened","tag-top-stories","tag-topstories","tag-uldised-uudised","tag-uudised","tag-viimased-uudised"],"share_on_mastodon":{"url":"https:\/\/pubeurope.com\/@ee\/116754717652711319","error":""},"_links":{"self":[{"href":"https:\/\/www.europesays.com\/ee\/wp-json\/wp\/v2\/posts\/204515","targetHints":{"allow":["GET"]}}],"collection":[{"href":"https:\/\/www.europesays.com\/ee\/wp-json\/wp\/v2\/posts"}],"about":[{"href":"https:\/\/www.europesays.com\/ee\/wp-json\/wp\/v2\/types\/post"}],"author":[{"embeddable":true,"href":"https:\/\/www.europesays.com\/ee\/wp-json\/wp\/v2\/users\/2"}],"replies":[{"embeddable":true,"href":"https:\/\/www.europesays.com\/ee\/wp-json\/wp\/v2\/comments?post=204515"}],"version-history":[{"count":0,"href":"https:\/\/www.europesays.com\/ee\/wp-json\/wp\/v2\/posts\/204515\/revisions"}],"wp:featuredmedia":[{"embeddable":true,"href":"https:\/\/www.europesays.com\/ee\/wp-json\/wp\/v2\/media\/204516"}],"wp:attachment":[{"href":"https:\/\/www.europesays.com\/ee\/wp-json\/wp\/v2\/media?parent=204515"}],"wp:term":[{"taxonomy":"category","embeddable":true,"href":"https:\/\/www.europesays.com\/ee\/wp-json\/wp\/v2\/categories?post=204515"},{"taxonomy":"post_tag","embeddable":true,"href":"https:\/\/www.europesays.com\/ee\/wp-json\/wp\/v2\/tags?post=204515"}],"curies":[{"name":"wp","href":"https:\/\/api.w.org\/{rel}","templated":true}]}}