{"id":204694,"date":"2026-06-15T18:58:11","date_gmt":"2026-06-15T18:58:11","guid":{"rendered":"https:\/\/www.europesays.com\/ee\/204694\/"},"modified":"2026-06-15T18:58:11","modified_gmt":"2026-06-15T18:58:11","slug":"usa-viisata-jaanud-argentina-jalgpallifannid-said-kingituseks-tasuta-telerid","status":"publish","type":"post","link":"https:\/\/www.europesays.com\/ee\/204694\/","title":{"rendered":"USA viisata j\u00e4\u00e4nud Argentina jalgpallif\u00e4nnid said kingituseks tasuta telerid"},"content":{"rendered":"<p>Nimelt k\u00e4ivitas Argentina elektroonikafirma Newsan kampaania, mille raames antakse jalgpallif\u00e4nnidele, kes t\u00f5estavad, et nende USA viisataotlus l\u00fckati tagasi, kompensatsiooniks tasuta Noblexi televiisor.<\/p>\n<p>V\u00e4ike konks kampaanias siiski on, kuna tasuta teleriga premeeriti vaid esimest 100 f\u00e4nni. K\u00f5ik auhinnasaajad kutsuti Newsani <a rel=\"noopener nofollow\" target=\"_blank\" href=\"https:\/\/www.delfi.ee\/teema\/56498056\/buenos-aires\" tag-id=\"56498056\">Buenos Airese<\/a> peakorterisse, kus neile <a rel=\"noopener nofollow\" target=\"_blank\" href=\"https:\/\/www.delfi.ee\/teema\/96884713\/televiisorid\" tag-id=\"96884713\">televiisorid<\/a> \u00fcle anti.<\/p>\n<p>\u201eN\u00e4ita oma tagasil\u00fckatud viisat ja saa tasuta televiisor,\u201c k\u00f5las Newsani telerikampaania loosung.<\/p>\n<p>Hiljem jagati sotsiaalmeedias fotosid f\u00e4nnidest, kellel olid k\u00e4es televiisorid, mille karpidel olid kleebised kirjadega \u201eviisa tagasi l\u00fckatud\u201c ja \u201eTV Noblex heaks kiitnud\u201c.<\/p>\n<p>K\u00f5rgendatud turvemeetmete t\u00f5ttu on paljudel f\u00e4nnidel ja m\u00e4ngijatel tekkinud Ameerika \u00dchendriikidesse reisimisega viisaprobleeme. Teiste seas ei lubatud riiki sisse Aafrika parimat kohtunikku, somaallast Omar Artani ning tal j\u00e4\u00e4bki turniiril vilistamata.<\/p>\n<p>Argentina kuulub MM-il J-alagruppi koos Austria, Jordaania ja Al\u017eeeriaga. MM-i avam\u00e4ng peetakse 17. juunil <a rel=\"noopener nofollow\" target=\"_blank\" href=\"https:\/\/www.delfi.ee\/teema\/65705304\/kansas-city\" tag-id=\"65705304\">Kansas Citys<\/a> Al\u017eeeria vastu.<\/p>\n<p>Kuidas see lugu Sind end tundma pani? Saada <a href=\"https:\/\/sport.delfi.ee\/artikkel\/120591121\/usa-viisata-jaanud-argentina-jalgpallifannid-said-kingituseks-tasuta-telerid\/kommentaarid\" class=\"article-body-bottom__comment article-body-bottom__comment--write button button--primary button--size-auto\" rel=\"nofollow noopener\" target=\"_blank\"> Kommenteeri <\/a><a href=\"https:\/\/sport.delfi.ee\/artikkel\/120591121\/usa-viisata-jaanud-argentina-jalgpallifannid-said-kingituseks-tasuta-telerid\/kommentaarid\" class=\"article-body-bottom__comment article-body-bottom__comment--read button button--size-auto\" rel=\"nofollow noopener\" target=\"_blank\"> Loe kommentaare (2)<\/a><\/p>\n","protected":false},"excerpt":{"rendered":"Nimelt k\u00e4ivitas Argentina elektroonikafirma Newsan kampaania, mille raames antakse jalgpallif\u00e4nnidele, kes t\u00f5estavad, et nende USA viisataotlus l\u00fckati tagasi,&hellip;\n","protected":false},"author":2,"featured_media":204695,"comment_status":"","ping_status":"","sticky":false,"template":"","format":"standard","meta":{"footnotes":"","_share_on_mastodon":"0"},"categories":[18],"tags":[5003,37,33,35,34,36,84227,159,158,84228],"class_list":["post-204694","post","type-post","status-publish","format-standard","has-post-thumbnail","category-sport","tag-buenos-aires","tag-ee","tag-eesti","tag-eesti-keel","tag-estonia","tag-estonian","tag-kansas-city","tag-sport","tag-sports","tag-televiisorid"],"share_on_mastodon":{"url":"https:\/\/pubeurope.com\/@ee\/116755660953601241","error":""},"_links":{"self":[{"href":"https:\/\/www.europesays.com\/ee\/wp-json\/wp\/v2\/posts\/204694","targetHints":{"allow":["GET"]}}],"collection":[{"href":"https:\/\/www.europesays.com\/ee\/wp-json\/wp\/v2\/posts"}],"about":[{"href":"https:\/\/www.europesays.com\/ee\/wp-json\/wp\/v2\/types\/post"}],"author":[{"embeddable":true,"href":"https:\/\/www.europesays.com\/ee\/wp-json\/wp\/v2\/users\/2"}],"replies":[{"embeddable":true,"href":"https:\/\/www.europesays.com\/ee\/wp-json\/wp\/v2\/comments?post=204694"}],"version-history":[{"count":0,"href":"https:\/\/www.europesays.com\/ee\/wp-json\/wp\/v2\/posts\/204694\/revisions"}],"wp:featuredmedia":[{"embeddable":true,"href":"https:\/\/www.europesays.com\/ee\/wp-json\/wp\/v2\/media\/204695"}],"wp:attachment":[{"href":"https:\/\/www.europesays.com\/ee\/wp-json\/wp\/v2\/media?parent=204694"}],"wp:term":[{"taxonomy":"category","embeddable":true,"href":"https:\/\/www.europesays.com\/ee\/wp-json\/wp\/v2\/categories?post=204694"},{"taxonomy":"post_tag","embeddable":true,"href":"https:\/\/www.europesays.com\/ee\/wp-json\/wp\/v2\/tags?post=204694"}],"curies":[{"name":"wp","href":"https:\/\/api.w.org\/{rel}","templated":true}]}}