{"id":204838,"date":"2026-06-15T22:29:18","date_gmt":"2026-06-15T22:29:18","guid":{"rendered":"https:\/\/www.europesays.com\/ee\/204838\/"},"modified":"2026-06-15T22:29:18","modified_gmt":"2026-06-15T22:29:18","slug":"maailma-liidrid-tervitavad-iraani-ja-usa-kokkulepet-teherani-armeejuhid-ei-pruugi-aga-leppega-noustuda","status":"publish","type":"post","link":"https:\/\/www.europesays.com\/ee\/204838\/","title":{"rendered":"Maailma liidrid tervitavad Iraani ja USA kokkulepet. Teherani armeejuhid ei pruugi aga leppega n\u00f5ustuda"},"content":{"rendered":"<p>K\u00f5ige tugevam toetus tuli piirkondlikelt vahendajatelt ja Euroopa valitsustelt, kes kirjeldasid kokkulepet kui suurt sammu pingeolukorra leevendamiseks. <\/p>\n<p>\u00dcRO peasekret\u00e4r Ant\u00f3nio Guterres \u00f5nnitles m\u00f5lemat poolt rahulepingu s\u00f5lmimise puhul, mis n\u00e4eb ette \u201ekohese ja p\u00fcsiva relvarahu, Hormuzi v\u00e4ina taasavamise ning raamistiku edasisteks l\u00e4bir\u00e4\u00e4kimisteks\u201c. Guterres t\u00e4nas ka vahendajariike, sealhulgas Pakistani, Katari, Egiptust, Saudi Araabiat ja T\u00fcrgit, <a rel=\"noopener noreferrer nofollow\" target=\"_blank\" href=\"https:\/\/www.iranintl.com\/en\/202606140541\" data-rel-date-range=\"[]\">vahendab Iran International<\/a>.<\/p>\n<p>Suurbritannia peaminister Keir Starmer kinnitas, et London on valmis toetama algavaid tehnilisi l\u00e4bir\u00e4\u00e4kimisi. Jaapani peaminister Sanae Takaichi v\u00e4ljendas lootust, et Hormuzi v\u00e4inas tagatakse vaba ja ohutu laevaliiklus ning Iraani tuumaprogrammi osas j\u00f5utakse peagi l\u00f5pliku kokkuleppeni.<\/p>\n<p>\u00dchisavalduses andsid Suurbritannia, Prantsusmaa, Saksamaa ja Itaalia m\u00e4rku valmisolekust leevendada Iraani-vastaseid sanktsioone. \u201eIraan ei tohi kunagi omandada tuumarelva. Oleme valmis tegema koost\u00f6\u00f6d <a rel=\"noopener nofollow\" target=\"_blank\" href=\"https:\/\/www.delfi.ee\/teema\/22971743\/usa\" tag-id=\"22971743\">USA<\/a>, Iraani ja rahvusvahelise aatomienergiaagentuuriga (IAEA),\u201c teatasid riigid.<\/p>\n<p>Lepingu mustandi kohaselt algab kohene ja p\u00fcsiv s\u00f5jaliste operatsioonide l\u00f5petamine k\u00f5ikidel rinnetel, sealhulgas <a rel=\"noopener nofollow\" target=\"_blank\" href=\"https:\/\/www.delfi.ee\/teema\/27443525\/liibanon\" tag-id=\"27443525\">Liibanonis<\/a>. Washington kohustuks 30 p\u00e4eva jooksul t\u00fchistama mereblokaadi ja viima oma v\u00e4ed Iraani \u00fcmbrusest v\u00e4lja, v\u00f5imaldades Hormuzi v\u00e4ina taasavamist. Samuti n\u00e4hakse ette 24 miljardi dollari v\u00e4\u00e4rtuses k\u00fclmutatud Iraani varade vabastamine 60-p\u00e4evaste k\u00f5neluste jooksul.<\/p>\n<p>USA president Donald Trump nimetas lepet ajalooliseks saavutuseks. Samas on mitmed detailid endiselt teadmata ning Iraani ja USA ametnikud pole mustandi sisu avalikult kinnitanud. Iraani allikate kohaselt piirduksid edasised arutelud rikastatud uraani, sanktsioonide leevendamise ja majanduse \u00fclesehitamisega, j\u00e4ttes v\u00e4lja Iraani raketiprogrammi ja toetuse liitlasr\u00fchmitustele.<\/p>\n<p>\u00dcks poliitiliselt tundlikumaid k\u00fcsimusi puudutab Liibanoni ja <a rel=\"noopener nofollow\" target=\"_blank\" href=\"https:\/\/www.delfi.ee\/teema\/96857673\/hezbollah-1\" tag-id=\"96857673\">Hezbollahi<\/a> tegevust. Iisrael on teatanud, et j\u00e4tkab operatsioone Liibanonis s\u00f5ltumata mis tahes kokkuleppest Teheraniga.<\/p>\n<p>Iraani v\u00e4lisminister Abbas Araghchi on \u00f6elnud, et vastastikuse m\u00f5istmise memorandum ei ole l\u00f5plik. Iraani julgeoleku- ja s\u00f5jav\u00e4estruktuurid pole veel leppele oma heakskiitu andnud, mis v\u00f5ib osutuda m\u00e4rkimisv\u00e4\u00e4rseks takistuseks.<\/p>\n<p>USA ja Pakistani ametnike s\u00f5nul on vastastikuse m\u00f5istmise memorandumi allkirjastamine kavandatud p\u00fchap\u00e4evale, kuid Teheran on sellises ajakavas kahelnud.<\/p>\n<p>Kuidas see lugu Sind end tundma pani? Saada <a href=\"https:\/\/www.delfi.ee\/artikkel\/120591006\/maailma-liidrid-tervitavad-iraani-ja-usa-kokkulepet-teherani-armeejuhid-ei-pruugi-aga-leppega-noustuda\/kommentaarid\" class=\"article-body-bottom__comment article-body-bottom__comment--write button button--primary button--size-auto\" rel=\"nofollow noopener\" target=\"_blank\"> Kommenteeri <\/a><a href=\"https:\/\/www.delfi.ee\/artikkel\/120591006\/maailma-liidrid-tervitavad-iraani-ja-usa-kokkulepet-teherani-armeejuhid-ei-pruugi-aga-leppega-noustuda\/kommentaarid\" class=\"article-body-bottom__comment article-body-bottom__comment--read button button--size-auto\" rel=\"nofollow noopener\" target=\"_blank\"> Loe kommentaare (29)<\/a><\/p>\n","protected":false},"excerpt":{"rendered":"K\u00f5ige tugevam toetus tuli piirkondlikelt vahendajatelt ja Euroopa valitsustelt, kes kirjeldasid kokkulepet kui suurt sammu pingeolukorra leevendamiseks. \u00dcRO&hellip;\n","protected":false},"author":2,"featured_media":204839,"comment_status":"","ping_status":"","sticky":false,"template":"","format":"standard","meta":{"footnotes":"","_share_on_mastodon":"0"},"categories":[80],"tags":[26,27,37,33,35,34,36,31,32,21,969,1925,4376,55505,28,29,968,95,19,25,23,24,22,325,20,30,92,93,94],"class_list":["post-204838","post","type-post","status-publish","format-standard","has-post-thumbnail","category-maailm","tag-breaking-news","tag-breakingnews","tag-ee","tag-eesti","tag-eesti-keel","tag-estonia","tag-estonian","tag-featured-news","tag-featurednews","tag-headlines","tag-hezbollah","tag-iraan","tag-lahis-ida","tag-lahis-ida-soda","tag-latest-news","tag-latestnews","tag-liibanon","tag-maailm","tag-news","tag-populaarseimad-lood","tag-top-stories","tag-topstories","tag-uldised-uudised","tag-usa","tag-uudised","tag-viimased-uudised","tag-world","tag-world-news","tag-worldnews"],"share_on_mastodon":{"url":"https:\/\/pubeurope.com\/@ee\/116756490671703010","error":""},"_links":{"self":[{"href":"https:\/\/www.europesays.com\/ee\/wp-json\/wp\/v2\/posts\/204838","targetHints":{"allow":["GET"]}}],"collection":[{"href":"https:\/\/www.europesays.com\/ee\/wp-json\/wp\/v2\/posts"}],"about":[{"href":"https:\/\/www.europesays.com\/ee\/wp-json\/wp\/v2\/types\/post"}],"author":[{"embeddable":true,"href":"https:\/\/www.europesays.com\/ee\/wp-json\/wp\/v2\/users\/2"}],"replies":[{"embeddable":true,"href":"https:\/\/www.europesays.com\/ee\/wp-json\/wp\/v2\/comments?post=204838"}],"version-history":[{"count":0,"href":"https:\/\/www.europesays.com\/ee\/wp-json\/wp\/v2\/posts\/204838\/revisions"}],"wp:featuredmedia":[{"embeddable":true,"href":"https:\/\/www.europesays.com\/ee\/wp-json\/wp\/v2\/media\/204839"}],"wp:attachment":[{"href":"https:\/\/www.europesays.com\/ee\/wp-json\/wp\/v2\/media?parent=204838"}],"wp:term":[{"taxonomy":"category","embeddable":true,"href":"https:\/\/www.europesays.com\/ee\/wp-json\/wp\/v2\/categories?post=204838"},{"taxonomy":"post_tag","embeddable":true,"href":"https:\/\/www.europesays.com\/ee\/wp-json\/wp\/v2\/tags?post=204838"}],"curies":[{"name":"wp","href":"https:\/\/api.w.org\/{rel}","templated":true}]}}