{"id":204924,"date":"2026-06-16T02:54:42","date_gmt":"2026-06-16T02:54:42","guid":{"rendered":"https:\/\/www.europesays.com\/ee\/204924\/"},"modified":"2026-06-16T02:54:42","modified_gmt":"2026-06-16T02:54:42","slug":"200-aastat-tagasi-maandus-saksamaal-uks-haavatud-toonekurg-see-muutis-meie-arusaama-maailmast","status":"publish","type":"post","link":"https:\/\/www.europesays.com\/ee\/204924\/","title":{"rendered":"200 aastat tagasi maandus Saksamaal \u00fcks haavatud toonekurg \u2013 see muutis meie arusaama maailmast"},"content":{"rendered":"<p>T\u00e4nap\u00e4eval tundub lindude r\u00e4nne iseenesestm\u00f5istetav, kuid veel m\u00f5nisada aastat tagasi pakkusid teadlased v\u00e4lja m\u00e4rksa kummalisemaid teooriaid. M\u00f5ned uskusid, et linnud veedavad talve j\u00e4rvede p\u00f5hjas, teised aga arvasid, et nende sihtpunktiks on koguni Kuu. Seej\u00e4rel ilmus Saksamaal v\u00e4lja toonekurg, kelle kaelas olnud ese asetas paljud senised oletused uude valgusesse. \u00dcksainus lind pakkus rohkem t\u00f5endusmaterjali kui aastak\u00fcmnete jagu vaidlusi. Kuidas see juhtus?<\/p>\n<p class=\"p1\">Saksamaal Kl\u00fctzi k\u00fcla l\u00e4hedal maandus 1822. aasta kevadel toonekurg, kel oli viimasel ajal olnud kohutavalt raske, ja p\u00e4lvis seet\u00f5ttu kohalike t\u00e4helepanu.<\/p>\n","protected":false},"excerpt":{"rendered":"T\u00e4nap\u00e4eval tundub lindude r\u00e4nne iseenesestm\u00f5istetav, kuid veel m\u00f5nisada aastat tagasi pakkusid teadlased v\u00e4lja m\u00e4rksa kummalisemaid teooriaid. M\u00f5ned uskusid,&hellip;\n","protected":false},"author":2,"featured_media":204925,"comment_status":"","ping_status":"","sticky":false,"template":"","format":"standard","meta":{"footnotes":"","_share_on_mastodon":"0"},"categories":[80],"tags":[286,313,297,301,281,26,27,37,33,35,311,34,36,31,32,309,282,315,21,307,304,287,302,28,29,291,285,283,305,95,310,303,299,19,298,289,25,314,296,290,312,300,169,284,292,280,295,308,23,24,22,293,288,20,294,30,92,93,94,306],"class_list":["post-204924","post","type-post","status-publish","format-standard","has-post-thumbnail","category-maailm","tag-ajalugu","tag-antiigiaeg","tag-arheoloogia","tag-asteroid","tag-biograafia","tag-breaking-news","tag-breakingnews","tag-ee","tag-eesti","tag-eesti-keel","tag-elusloodus","tag-estonia","tag-estonian","tag-featured-news","tag-featurednews","tag-geneetika","tag-geograafia","tag-geoloogia","tag-headlines","tag-kaitumine","tag-keskkond","tag-kosmos","tag-kosmoselaev","tag-latest-news","tag-latestnews","tag-leiutaja","tag-loodus","tag-loodusteadus","tag-loomad","tag-maailm","tag-malu","tag-nasa","tag-new-scientist","tag-news","tag-okoloogia","tag-planeet","tag-populaarseimad-lood","tag-pronksiaeg","tag-psuhholoogia","tag-rakett","tag-rauaaeg","tag-satelliit","tag-statistika","tag-tapisteadus","tag-teadlane","tag-teadus","tag-teadustoo","tag-tervis","tag-top-stories","tag-topstories","tag-uldised-uudised","tag-ulikool","tag-universum","tag-uudised","tag-uuring","tag-viimased-uudised","tag-world","tag-world-news","tag-worldnews","tag-zooloogia"],"share_on_mastodon":{"url":"","error":"Validation failed: Text character limit of 500 exceeded"},"_links":{"self":[{"href":"https:\/\/www.europesays.com\/ee\/wp-json\/wp\/v2\/posts\/204924","targetHints":{"allow":["GET"]}}],"collection":[{"href":"https:\/\/www.europesays.com\/ee\/wp-json\/wp\/v2\/posts"}],"about":[{"href":"https:\/\/www.europesays.com\/ee\/wp-json\/wp\/v2\/types\/post"}],"author":[{"embeddable":true,"href":"https:\/\/www.europesays.com\/ee\/wp-json\/wp\/v2\/users\/2"}],"replies":[{"embeddable":true,"href":"https:\/\/www.europesays.com\/ee\/wp-json\/wp\/v2\/comments?post=204924"}],"version-history":[{"count":0,"href":"https:\/\/www.europesays.com\/ee\/wp-json\/wp\/v2\/posts\/204924\/revisions"}],"wp:featuredmedia":[{"embeddable":true,"href":"https:\/\/www.europesays.com\/ee\/wp-json\/wp\/v2\/media\/204925"}],"wp:attachment":[{"href":"https:\/\/www.europesays.com\/ee\/wp-json\/wp\/v2\/media?parent=204924"}],"wp:term":[{"taxonomy":"category","embeddable":true,"href":"https:\/\/www.europesays.com\/ee\/wp-json\/wp\/v2\/categories?post=204924"},{"taxonomy":"post_tag","embeddable":true,"href":"https:\/\/www.europesays.com\/ee\/wp-json\/wp\/v2\/tags?post=204924"}],"curies":[{"name":"wp","href":"https:\/\/api.w.org\/{rel}","templated":true}]}}