{"id":205033,"date":"2026-06-16T06:25:10","date_gmt":"2026-06-16T06:25:10","guid":{"rendered":"https:\/\/www.europesays.com\/ee\/205033\/"},"modified":"2026-06-16T06:25:10","modified_gmt":"2026-06-16T06:25:10","slug":"jalkablogi-neli-matsi-neli-viiki-hispaania-belgia-ja-uruguay-komistasid-avamangus","status":"publish","type":"post","link":"https:\/\/www.europesays.com\/ee\/205033\/","title":{"rendered":"JALKABLOGI | Neli mat\u0161i, neli viiki. Hispaania, Belgia ja Uruguay komistasid avam\u00e4ngus"},"content":{"rendered":"<p>Hispaania alustas Roheneemesaarte vastu m\u00e4ngu otsivalt ning esimese h\u00e4id v\u00e4ravamomente tuli oodata kuni avapoolaja viimaste minutiteni. 39. minutil p\u00e4\u00e4ses Marc Cucurella v\u00e4rava ette pandud pikenduse j\u00e4rel peaga l\u00f6\u00f6gile Ferran Torres ning j\u00e4tkuolukorras Mikel Oyarzabal, kuid m\u00f5lemale \u00fcritusele sai Roheneemesaarte 40-aastane v\u00e4ravavaht Vozinha k\u00e4e vahele.<\/p>\n<p>Hispaania oli v\u00e4ljakul selgelt parem meeskond ka teisel poolajal, vastaste v\u00e4ravale tehti 14 pealel\u00f6\u00f6ki Roheneemesaarte kolme vastu, kuid l\u00f5puks j\u00e4idki 2010. aasta maailmameistril v\u00e4ravad l\u00f6\u00f6mata. Parim v\u00f5imalus avanes 88. minutil Oyarzabalil, kuid v\u00e4rava ees vabaks j\u00e4etud hispaanlase l\u00f6\u00f6gile saadi viimasel hetkel blokk vahele. <\/p>\n<p>H-alagrupi teinegi m\u00e4ng l\u00f5ppes viigiga. \u00dcsna uimase ja s\u00fcndmustevaese avapoolaja ainsa v\u00e4rava l\u00f5i 41. minutil Saudi Araabia. Kornerij\u00e4rgses olukorras sai esmalt peaga l\u00f6\u00f6gile Hassan Al-Tambakti, Uruguay v\u00e4ravavaht Fernando Muslera t\u00f5rjus palli enda ette ning t\u00e4iesti katmata j\u00e4etud Abdulelah Al-Amri virutas selle v\u00f5rku.<\/p>\n<p>Teisel poolajal pani Uruguay peale tugeva surve, tekitades \u00fche ohtliku olukorra teise j\u00e4rel, aga sihile j\u00f5uti vaid korra. 80. minutil t\u00f5rjus v\u00e4ravavaht Mohammed Al-Owais r\u00fcndaja Federico Vinase seitsmelt meetrilt sooritatud peal\u00f6\u00f6gi, kuid Maximiliano Araujo l\u00fckkas lahtise palli \u00fcsna terava nurga alt v\u00f5rku.<\/p>\n<p>G-alagrupi avam\u00e4ngus l\u00e4ks Egiptus Belgia vastu juhtima 20. minutil. Mohamed Salah leidis t\u00e4pse s\u00f6\u00f6duga karistusala joone taha vabaks j\u00e4etud Emam Ashouri, kes saatis palli tugeva l\u00f6\u00f6giga Belgia v\u00e4ravavahi Thibaut Courtois\u2019 poolt vaadatuna paremasse alanurka. See j\u00e4i avapoolaja ainsaks v\u00e4ravaks.<\/p>\n<p>Teisel poolajal sai Belgia oma m\u00e4ngu paremini k\u00e4ima ning Kevin De Bruyne tabas karistusl\u00f6\u00f6gist posti, kuid viigiv\u00e4ravani j\u00f5uti 66. minutil. Paremkaitsja Thomas Meunier saatis \u00e4\u00e4relt terava tsenderduse v\u00e4rava ette, kus \u00e4sja platsile tulnud Romelu Lukakut takistada \u00fcritanud Mohamed Hany suunas palli \u00f5nnetult omav\u00e4ravasse. Kuigi kohtumine p\u00fcsis l\u00f5puni lahtine ja v\u00f5imalusi jagus m\u00f5lemale meeskonnale, l\u00f5ppes mat\u0161 1:1 viigiga.<\/p>\n<p>G-alagrupi teises m\u00e4ngus l\u00e4ks Uus-Meremaa Iraani vastu juhtima juba seitsmendal minutil, kui Chris Wood j\u00e4ttis karistusalas palli Elijah Justile ning \u00e4\u00e4rer\u00fcndaja vajutas selle kaheksalt meetrilt \u00fche puutega lati alla. Peagi said iraanlased m\u00e4ngu \u00fcle kontrolli. Kui poolaja keskel saatis Mehdi Taremi kaugl\u00f6\u00f6gi posti, siis 33. minutil t\u00f5i karistusalasse murdnud paremkaitsja Ramin Rezaeian tabloole viigiseisu.<\/p>\n<p>Teine poolaeg kulges sarnase stsenaariumi j\u00e4rgi, sest Woodi eelt\u00f6\u00f6 realiseeris 54. minutil v\u00e4ravaks Just. Taas oli Iraanil vastus olemas, kui 64. minutil suunas Mohammad Mohebi v\u00f5rku Ramin Rezaeiani tsenderduse. See j\u00e4i ka kohtumise viimaseks tabamuseks, mis t\u00e4hendas, et p\u00e4eva k\u00f5ik neli mat\u0161i l\u00f5ppesid viigiga.<\/p>\n<p>Kuidas see lugu Sind end tundma pani? Saada <a href=\"https:\/\/sport.delfi.ee\/a\/120591099\/kommentaarid\" class=\"article-body-bottom__comment article-body-bottom__comment--write button button--primary button--size-auto\" rel=\"nofollow noopener\" target=\"_blank\"> Kommenteeri <\/a><a href=\"https:\/\/sport.delfi.ee\/a\/120591099\/kommentaarid\" class=\"article-body-bottom__comment article-body-bottom__comment--read button button--size-auto\" rel=\"nofollow noopener\" target=\"_blank\"> Loe kommentaare (79)<\/a><\/p>\n","protected":false},"excerpt":{"rendered":"Hispaania alustas Roheneemesaarte vastu m\u00e4ngu otsivalt ning esimese h\u00e4id v\u00e4ravamomente tuli oodata kuni avapoolaja viimaste minutiteni. 39. minutil&hellip;\n","protected":false},"author":2,"featured_media":205034,"comment_status":"","ping_status":"","sticky":false,"template":"","format":"standard","meta":{"footnotes":"","_share_on_mastodon":"0"},"categories":[5],"tags":[35043,26,27,37,33,35,34,36,31,32,21,7687,172,41766,28,29,19,25,23,24,22,31166,20,30],"class_list":["post-205033","post","type-post","status-publish","format-standard","has-post-thumbnail","category-uldised-uudised","tag-atlanta","tag-breaking-news","tag-breakingnews","tag-ee","tag-eesti","tag-eesti-keel","tag-estonia","tag-estonian","tag-featured-news","tag-featurednews","tag-headlines","tag-hispaania-jalgpallikoondis","tag-jalgpall","tag-jalgpalli-maailmameistrivoistlused","tag-latest-news","tag-latestnews","tag-news","tag-populaarseimad-lood","tag-top-stories","tag-topstories","tag-uldised-uudised","tag-uruguay-jalgpallikoondis","tag-uudised","tag-viimased-uudised"],"share_on_mastodon":{"url":"https:\/\/pubeurope.com\/@ee\/116758362499798699","error":""},"_links":{"self":[{"href":"https:\/\/www.europesays.com\/ee\/wp-json\/wp\/v2\/posts\/205033","targetHints":{"allow":["GET"]}}],"collection":[{"href":"https:\/\/www.europesays.com\/ee\/wp-json\/wp\/v2\/posts"}],"about":[{"href":"https:\/\/www.europesays.com\/ee\/wp-json\/wp\/v2\/types\/post"}],"author":[{"embeddable":true,"href":"https:\/\/www.europesays.com\/ee\/wp-json\/wp\/v2\/users\/2"}],"replies":[{"embeddable":true,"href":"https:\/\/www.europesays.com\/ee\/wp-json\/wp\/v2\/comments?post=205033"}],"version-history":[{"count":0,"href":"https:\/\/www.europesays.com\/ee\/wp-json\/wp\/v2\/posts\/205033\/revisions"}],"wp:featuredmedia":[{"embeddable":true,"href":"https:\/\/www.europesays.com\/ee\/wp-json\/wp\/v2\/media\/205034"}],"wp:attachment":[{"href":"https:\/\/www.europesays.com\/ee\/wp-json\/wp\/v2\/media?parent=205033"}],"wp:term":[{"taxonomy":"category","embeddable":true,"href":"https:\/\/www.europesays.com\/ee\/wp-json\/wp\/v2\/categories?post=205033"},{"taxonomy":"post_tag","embeddable":true,"href":"https:\/\/www.europesays.com\/ee\/wp-json\/wp\/v2\/tags?post=205033"}],"curies":[{"name":"wp","href":"https:\/\/api.w.org\/{rel}","templated":true}]}}