{"id":205048,"date":"2026-06-16T06:45:21","date_gmt":"2026-06-16T06:45:21","guid":{"rendered":"https:\/\/www.europesays.com\/ee\/205048\/"},"modified":"2026-06-16T06:45:21","modified_gmt":"2026-06-16T06:45:21","slug":"mesilaste-massiline-hukkumine-pani-sotsiaalmeedia-kihama","status":"publish","type":"post","link":"https:\/\/www.europesays.com\/ee\/205048\/","title":{"rendered":"Mesilaste massiline hukkumine pani sotsiaalmeedia kihama"},"content":{"rendered":"<p>L\u00f5una-Eesti mesinik avastas l\u00e4inud n\u00e4dalal oma tarude eest tuhanded hukkunud mesilased. Sotsiaalmeediasse postitatud surnud mesilaste fotot kommenteerides t\u00f5ttasid inimesed s\u00fc\u00fcdistama p\u00f5llumehi, kes on p\u00f5ldusid m\u00fcrgitanud ja seel\u00e4bi mesilased surmanud. Aga siiski ei saa neile n\u00e4puga n\u00e4idata.<\/p>\n<p>Et ametnikke s\u00fcndmuskohale ei kutsutud, siis v\u00f5ibki mesilaste hukkumise \u00fcle vaid spekuleerida.<\/p>\n","protected":false},"excerpt":{"rendered":"L\u00f5una-Eesti mesinik avastas l\u00e4inud n\u00e4dalal oma tarude eest tuhanded hukkunud mesilased. Sotsiaalmeediasse postitatud surnud mesilaste fotot kommenteerides t\u00f5ttasid&hellip;\n","protected":false},"author":2,"featured_media":205049,"comment_status":"","ping_status":"","sticky":false,"template":"","format":"standard","meta":{"footnotes":"","_share_on_mastodon":"0"},"categories":[80],"tags":[4843,26,27,37,33,35,591,34,36,31,32,21,28,29,95,3448,19,25,249,1802,23,24,4842,22,293,20,30,92,93,94],"class_list":["post-205048","post","type-post","status-publish","format-standard","has-post-thumbnail","category-maailm","tag-annelinn","tag-breaking-news","tag-breakingnews","tag-ee","tag-eesti","tag-eesti-keel","tag-emajogi","tag-estonia","tag-estonian","tag-featured-news","tag-featurednews","tag-headlines","tag-latest-news","tag-latestnews","tag-maailm","tag-maaulikool","tag-news","tag-populaarseimad-lood","tag-tartu","tag-tartumaa","tag-top-stories","tag-topstories","tag-tu","tag-uldised-uudised","tag-ulikool","tag-uudised","tag-viimased-uudised","tag-world","tag-world-news","tag-worldnews"],"share_on_mastodon":{"url":"https:\/\/pubeurope.com\/@ee\/116758441004834169","error":""},"_links":{"self":[{"href":"https:\/\/www.europesays.com\/ee\/wp-json\/wp\/v2\/posts\/205048","targetHints":{"allow":["GET"]}}],"collection":[{"href":"https:\/\/www.europesays.com\/ee\/wp-json\/wp\/v2\/posts"}],"about":[{"href":"https:\/\/www.europesays.com\/ee\/wp-json\/wp\/v2\/types\/post"}],"author":[{"embeddable":true,"href":"https:\/\/www.europesays.com\/ee\/wp-json\/wp\/v2\/users\/2"}],"replies":[{"embeddable":true,"href":"https:\/\/www.europesays.com\/ee\/wp-json\/wp\/v2\/comments?post=205048"}],"version-history":[{"count":0,"href":"https:\/\/www.europesays.com\/ee\/wp-json\/wp\/v2\/posts\/205048\/revisions"}],"wp:featuredmedia":[{"embeddable":true,"href":"https:\/\/www.europesays.com\/ee\/wp-json\/wp\/v2\/media\/205049"}],"wp:attachment":[{"href":"https:\/\/www.europesays.com\/ee\/wp-json\/wp\/v2\/media?parent=205048"}],"wp:term":[{"taxonomy":"category","embeddable":true,"href":"https:\/\/www.europesays.com\/ee\/wp-json\/wp\/v2\/categories?post=205048"},{"taxonomy":"post_tag","embeddable":true,"href":"https:\/\/www.europesays.com\/ee\/wp-json\/wp\/v2\/tags?post=205048"}],"curies":[{"name":"wp","href":"https:\/\/api.w.org\/{rel}","templated":true}]}}