{"id":205138,"date":"2026-06-16T08:24:12","date_gmt":"2026-06-16T08:24:12","guid":{"rendered":"https:\/\/www.europesays.com\/ee\/205138\/"},"modified":"2026-06-16T08:24:12","modified_gmt":"2026-06-16T08:24:12","slug":"tsahkna-survet-venemaale-tuleb-veelgi-suurendada","status":"publish","type":"post","link":"https:\/\/www.europesays.com\/ee\/205138\/","title":{"rendered":"Tsahkna: survet Venemaale tuleb veelgi suurendada"},"content":{"rendered":"<p>V\u00e4lisminister Margus Tsahkna osales esmasp\u00e4eval Luksemburgis toimunud Euroopa Liidu v\u00e4lisministrite kohtumisel, kus kiideti heaks t\u00e4iendavad isikuvastased sanktsioonid Venemaa vastu; v\u00e4lisministri s\u00f5nul on see samm \u00f5iges suunas, aga survet Venemaale tuleb veelgi suurendada tugeva 21. sanktsioonipaketi kiire vastuv\u00f5tmisega, teatab BNS.<\/p>\n<p>\u201eT\u00e4na\u00f6ise r\u00fcnnakuga Ukraina vastu, millega tabati Kiievi Pet\u0161erski koobaskloostrit ja r\u00f6\u00f6viti taaskord mitmeid s\u00fc\u00fctuid inimelusid, n\u00e4itas Venemaa j\u00e4lle oma j\u00f5hkrust ja soovi s\u00f5jaga j\u00e4tkata. Kuni Venemaa ei ole kurssi muutnud, tuleb survet talle j\u00e4tkata ja t\u00e4na tegi Euroopa Liit selle suunas ka otsustavaid samme,\u201c \u00fctles Tsahkna.<\/p>\n<p>V\u00e4lisministri s\u00f5nul kiitis EL t\u00e4na heaks 55 t\u00e4iendava nime lisamist Ukraina territoriaalse terviklikkuse ohustamise sanktsioonire\u017eiimi, seejuures lisandusid mitmed Vene \u00e4rimehed, kaitset\u00f6\u00f6stuse ettev\u00f5tted, varilaevastiku tegevust v\u00f5imaldavad ettev\u00f5tted kolmandates riikides ja laevandusettev\u00f5tted Venemaal.<\/p>\n<p>11 t\u00e4iendavat nime lisati Venemaa globaalselt destabiliseeriva tegevuse ehk nn h\u00fcbriidtegevuse sanktsioonire\u017eiimi.<\/p>\n<p>Samuti lisandusid sanktsiooninimekirja isikud, kes on seotud Venemaa propagandanarratiivide s\u00fcstemaatilise levitamisega, m\u00e4ngides Kremli infos\u00f5jas keskset rolli, ja ka Vene riiklik sihtasutus, mis rahastab s\u00f5da toetavaid projekte, sealhulgas L\u00e4\u00e4ne m\u00f5juisikutelt Kremli narratiive toetavate s\u00f5numite kajastamist. Selles sanktsioonire\u017eiimis on uute lisandustega kokku 99 isikut ja \u00fcksust.<\/p>\n<p>Venemaal inim\u00f5iguste rikkumiste eest kehtestatud sanktsioonire\u017eiimi lisati 16 uut nime, muu hulgas lisandusid isikud, kes on olnud seotud Aleksei Navaln\u00f5i tagakiusamise, m\u00fcrgitamise ja surmaga. N\u00fc\u00fcd on selles sanktsioonire\u017eiimis 89 isikut ja \u00fcksust.<\/p>\n<p>\u201eT\u00e4naste t\u00e4iendustega ulatub sanktsioneeritud isikute ja \u00fcksuste koguarvu \u00fcle 2800. Eriti m\u00f5jusad on sanktsioonid, mis tugevdavad survet Venemaa s\u00f5jat\u00f6\u00f6stuskompleksile ja energiaekspordile, sest seel\u00e4bi v\u00f5etakse Venemaalt otseselt vahendid s\u00f5ja j\u00e4tkamiseks. Ent sama oluline on ka Vene infom\u00f5jutustegevuse eest vastutajate senisest tugevam survestamine,\u201c \u00fctles Tsahkna.<\/p>\n<p>\u201eSamal ajal j\u00e4tkub t\u00f6\u00f6 21. sanktsioonipaketi v\u00e4ljat\u00f6\u00f6tamiseks ja kiireks vastuv\u00f5tmiseks, mis v\u00f5taks sihikule Venemaa energiakandjate ekspordi, finantssektori ja kr\u00fcptovarateenuseid pakkuvad \u00fcksused,\u201c \u00fctles v\u00e4lisminister. \u201eEesti seisukoht on, et ELi ambitsioonides peab p\u00fcsima t\u00e4ieliku mereteenuste keelu kehtestamine Venemaa naftat ja naftatooteid vedavatele alustele ning ka alumiiniumoksiidi ekspordikeeld Venemaale.\u201c<\/p>\n<p>Luksemburgis toimus t\u00e4na kohtumine ka Armeenia v\u00e4lisministri Ararat Mirzojaniga, et arutada Euroopa Liidu tuge Armeeniale Venemaa \u00fcha kasvava surve valguses.<\/p>\n<p>\u201eArmeenia rahvas n\u00e4itas hiljutistel valmistel selget soovi j\u00e4tkata avatud, demokraatliku ja l\u00e4\u00e4nemeelse \u00fchiskonna kujundamise kursil ning EL p\u00fcsib sel teel kindlalt Armeenia k\u00f5rval,\u201c \u00fctles Tsahkna.<\/p>\n<p>Arutati ka olukorda L\u00e4his-Idas ning Euroopa Liidu ja Hiina suhteid.<\/p>\n<p>\u201eAmeerika \u00dchendriikide ja Iraani vaheline kokkulepe on oodatud samm s\u00f5ja l\u00f5petamiseks ja Hormuzi v\u00e4ina taasavamiseks. Piirkondliku stabiilsuse, \u00fcleilmse energiajulgeoleku ja meres\u00f5iduvabaduse tagamiseks on oluline kokkuleppe kiire ja t\u00e4ielik elluviimine,\u201c \u00fctles Tsahkna. \u201eArutasime t\u00e4na ELi v\u00e4lisministritega, kuidas Euroopa saab aidata kaasa kestliku ja p\u00fcsiva lahenduse saavutamisele.\u201c<\/p>\n<p>T\u00e4na \u00f5htul toimuvad Luksemburgis valitsustevahelised konverentsid Ukraina ja Moldovaga, et avada nende riikide Euroopa Liiduga \u00fchinemise esimene teemaplokk ehk p\u00f5hialused.<\/p>\n","protected":false},"excerpt":{"rendered":"V\u00e4lisminister Margus Tsahkna osales esmasp\u00e4eval Luksemburgis toimunud Euroopa Liidu v\u00e4lisministrite kohtumisel, kus kiideti heaks t\u00e4iendavad isikuvastased sanktsioonid Venemaa&hellip;\n","protected":false},"author":2,"featured_media":205139,"comment_status":"","ping_status":"","sticky":false,"template":"","format":"standard","meta":{"footnotes":"","_share_on_mastodon":"0"},"categories":[80],"tags":[2208,26,27,37,33,35,34,36,31,32,21,1925,28,29,1983,95,84291,19,25,84292,23,24,22,20,84293,96,30,92,93,94],"class_list":["post-205138","post","type-post","status-publish","format-standard","has-post-thumbnail","category-maailm","tag-ameerika-uhendriik","tag-breaking-news","tag-breakingnews","tag-ee","tag-eesti","tag-eesti-keel","tag-estonia","tag-estonian","tag-featured-news","tag-featurednews","tag-headlines","tag-iraan","tag-latest-news","tag-latestnews","tag-luksemburg","tag-maailm","tag-mirzojan","tag-news","tag-populaarseimad-lood","tag-sanktsioonireziim","tag-top-stories","tag-topstories","tag-uldised-uudised","tag-uudised","tag-valisminister-margus-tsahkna","tag-venemaa","tag-viimased-uudised","tag-world","tag-world-news","tag-worldnews"],"share_on_mastodon":{"url":"https:\/\/pubeurope.com\/@ee\/116758830550122459","error":""},"_links":{"self":[{"href":"https:\/\/www.europesays.com\/ee\/wp-json\/wp\/v2\/posts\/205138","targetHints":{"allow":["GET"]}}],"collection":[{"href":"https:\/\/www.europesays.com\/ee\/wp-json\/wp\/v2\/posts"}],"about":[{"href":"https:\/\/www.europesays.com\/ee\/wp-json\/wp\/v2\/types\/post"}],"author":[{"embeddable":true,"href":"https:\/\/www.europesays.com\/ee\/wp-json\/wp\/v2\/users\/2"}],"replies":[{"embeddable":true,"href":"https:\/\/www.europesays.com\/ee\/wp-json\/wp\/v2\/comments?post=205138"}],"version-history":[{"count":0,"href":"https:\/\/www.europesays.com\/ee\/wp-json\/wp\/v2\/posts\/205138\/revisions"}],"wp:featuredmedia":[{"embeddable":true,"href":"https:\/\/www.europesays.com\/ee\/wp-json\/wp\/v2\/media\/205139"}],"wp:attachment":[{"href":"https:\/\/www.europesays.com\/ee\/wp-json\/wp\/v2\/media?parent=205138"}],"wp:term":[{"taxonomy":"category","embeddable":true,"href":"https:\/\/www.europesays.com\/ee\/wp-json\/wp\/v2\/categories?post=205138"},{"taxonomy":"post_tag","embeddable":true,"href":"https:\/\/www.europesays.com\/ee\/wp-json\/wp\/v2\/tags?post=205138"}],"curies":[{"name":"wp","href":"https:\/\/api.w.org\/{rel}","templated":true}]}}