{"id":205148,"date":"2026-06-16T08:35:15","date_gmt":"2026-06-16T08:35:15","guid":{"rendered":"https:\/\/www.europesays.com\/ee\/205148\/"},"modified":"2026-06-16T08:35:15","modified_gmt":"2026-06-16T08:35:15","slug":"el-joudis-kokkuleppele-lennureisijate-oiguste-osas","status":"publish","type":"post","link":"https:\/\/www.europesays.com\/ee\/205148\/","title":{"rendered":"EL j\u00f5udis kokkuleppele lennureisijate \u00f5iguste osas"},"content":{"rendered":"<p>Euroopa Parlament ja Euroopa Liidu N\u00f5ukogu on saavutanud poliitilise kokkuleppe ELi lennureisijate \u00f5iguste l\u00e4bivaatamise kohta, mis leiab aset esimest korda nende eeskirjade 20-aastase kehtivusaja jooksul. Muudatusega selgitatakse kehtivaid s\u00e4tteid ning tugevdatakse reisijate, lennuettev\u00f5tjate ja t\u00e4itevasutuste \u00f5iguskindlust kogu ELis.<\/p>\n","protected":false},"excerpt":{"rendered":"Euroopa Parlament ja Euroopa Liidu N\u00f5ukogu on saavutanud poliitilise kokkuleppe ELi lennureisijate \u00f5iguste l\u00e4bivaatamise kohta, mis leiab aset&hellip;\n","protected":false},"author":2,"featured_media":205149,"comment_status":"","ping_status":"","sticky":false,"template":"","format":"standard","meta":{"footnotes":"","_share_on_mastodon":"0"},"categories":[80],"tags":[26,27,37,33,35,34,36,30023,590,1948,31,32,21,1764,75399,28,29,65217,84296,1769,84295,95,19,25,84297,9807,23,24,22,20,30,92,93,94],"class_list":["post-205148","post","type-post","status-publish","format-standard","has-post-thumbnail","category-maailm","tag-breaking-news","tag-breakingnews","tag-ee","tag-eesti","tag-eesti-keel","tag-estonia","tag-estonian","tag-euroopa-liidu-noukogu","tag-euroopa-liit","tag-euroopa-parlament","tag-featured-news","tag-featurednews","tag-headlines","tag-huvitis","tag-kasipagas","tag-latest-news","tag-latestnews","tag-lennu-hilinemine","tag-lennu-tuhistamine","tag-lennufirma","tag-lennureisijate-oigused","tag-maailm","tag-news","tag-populaarseimad-lood","tag-puudega-reisijate-oigused","tag-tarbijakaitse","tag-top-stories","tag-topstories","tag-uldised-uudised","tag-uudised","tag-viimased-uudised","tag-world","tag-world-news","tag-worldnews"],"share_on_mastodon":{"url":"","error":"Validation failed: Text character limit of 500 exceeded"},"_links":{"self":[{"href":"https:\/\/www.europesays.com\/ee\/wp-json\/wp\/v2\/posts\/205148","targetHints":{"allow":["GET"]}}],"collection":[{"href":"https:\/\/www.europesays.com\/ee\/wp-json\/wp\/v2\/posts"}],"about":[{"href":"https:\/\/www.europesays.com\/ee\/wp-json\/wp\/v2\/types\/post"}],"author":[{"embeddable":true,"href":"https:\/\/www.europesays.com\/ee\/wp-json\/wp\/v2\/users\/2"}],"replies":[{"embeddable":true,"href":"https:\/\/www.europesays.com\/ee\/wp-json\/wp\/v2\/comments?post=205148"}],"version-history":[{"count":0,"href":"https:\/\/www.europesays.com\/ee\/wp-json\/wp\/v2\/posts\/205148\/revisions"}],"wp:featuredmedia":[{"embeddable":true,"href":"https:\/\/www.europesays.com\/ee\/wp-json\/wp\/v2\/media\/205149"}],"wp:attachment":[{"href":"https:\/\/www.europesays.com\/ee\/wp-json\/wp\/v2\/media?parent=205148"}],"wp:term":[{"taxonomy":"category","embeddable":true,"href":"https:\/\/www.europesays.com\/ee\/wp-json\/wp\/v2\/categories?post=205148"},{"taxonomy":"post_tag","embeddable":true,"href":"https:\/\/www.europesays.com\/ee\/wp-json\/wp\/v2\/tags?post=205148"}],"curies":[{"name":"wp","href":"https:\/\/api.w.org\/{rel}","templated":true}]}}