{"id":205202,"date":"2026-06-16T09:30:17","date_gmt":"2026-06-16T09:30:17","guid":{"rendered":"https:\/\/www.europesays.com\/ee\/205202\/"},"modified":"2026-06-16T09:30:17","modified_gmt":"2026-06-16T09:30:17","slug":"iraani-meedia-nimetab-usa-ga-solmitavat-lepet-nii-reetmiseks-kui-ka-suureks-voiduks","status":"publish","type":"post","link":"https:\/\/www.europesays.com\/ee\/205202\/","title":{"rendered":"Iraani meedia nimetab USA-ga s\u00f5lmitavat lepet nii reetmiseks kui ka suureks v\u00f5iduks"},"content":{"rendered":"<p><img decoding=\"async\" src=\"https:\/\/www.europesays.com\/ee\/wp-content\/uploads\/2026\/06\/a77820c3-ade6-4511-b1c7-c08e56a9db96.jpg\" loading=\"lazy\" alt=\"Iraanlastele on viimased p\u00e4evad olnud s\u00fcndmusterohked. Lisaks sellele, et USA-ga j\u00f5uti \u00fchisele arusaamisele, kuidas l\u00f5petada s\u00f5da, kohtus Iraani jalgpallikoondis eile USA-s Uus-Meremaa tiimiga. 2:2 l\u00f5ppenud kohtumist j\u00e4lgisid sajad koduiraanlased Teheranis rahvusraamatukokku paigaldatud suurelt ekraanile. \"\/><\/p>\n<p>Iraanlastele on viimased p\u00e4evad olnud s\u00fcndmusterohked. Lisaks sellele, et USA-ga j\u00f5uti \u00fchisele arusaamisele, kuidas l\u00f5petada s\u00f5da, kohtus Iraani jalgpallikoondis eile USA-s Uus-Meremaa tiimiga. 2:2 l\u00f5ppenud kohtumist j\u00e4lgisid sajad koduiraanlased Teheranis rahvusraamatukokku paigaldatud suurelt ekraanile. <\/p>\n<p>FOTO: STRINGER| AFP<\/p>\n<p>P\u00fchap\u00e4eval digitaalselt allkirjastatud ja sel reedel Genfis ametlikult allkirjastatav Teherani ja Washingtoni vastastikuse m\u00f5istmise memorandum on jaganud <a rel=\"noopener nofollow\" target=\"_blank\" href=\"https:\/\/www.delfi.ee\/teema\/24129493\/iraan\" tag-id=\"24129493\">Iraani<\/a> ajakirjanduse eri leeri. <\/p>\n","protected":false},"excerpt":{"rendered":"Iraanlastele on viimased p\u00e4evad olnud s\u00fcndmusterohked. Lisaks sellele, et USA-ga j\u00f5uti \u00fchisele arusaamisele, kuidas l\u00f5petada s\u00f5da, kohtus Iraani&hellip;\n","protected":false},"author":2,"featured_media":205203,"comment_status":"","ping_status":"","sticky":false,"template":"","format":"standard","meta":{"footnotes":"","_share_on_mastodon":"0"},"categories":[80],"tags":[26,27,37,33,35,34,36,31,32,21,1925,56742,39444,43906,40362,56098,55505,28,29,95,19,25,23,24,22,20,30,92,93,94],"class_list":["post-205202","post","type-post","status-publish","format-standard","has-post-thumbnail","category-maailm","tag-breaking-news","tag-breakingnews","tag-ee","tag-eesti","tag-eesti-keel","tag-estonia","tag-estonian","tag-featured-news","tag-featurednews","tag-headlines","tag-iraan","tag-iraani-konflikt","tag-iraani-protestid","tag-iraani-reziim","tag-iraani-rundamine","tag-iraani-soda","tag-lahis-ida-soda","tag-latest-news","tag-latestnews","tag-maailm","tag-news","tag-populaarseimad-lood","tag-top-stories","tag-topstories","tag-uldised-uudised","tag-uudised","tag-viimased-uudised","tag-world","tag-world-news","tag-worldnews"],"share_on_mastodon":{"url":"https:\/\/pubeurope.com\/@ee\/116759090277013038","error":""},"_links":{"self":[{"href":"https:\/\/www.europesays.com\/ee\/wp-json\/wp\/v2\/posts\/205202","targetHints":{"allow":["GET"]}}],"collection":[{"href":"https:\/\/www.europesays.com\/ee\/wp-json\/wp\/v2\/posts"}],"about":[{"href":"https:\/\/www.europesays.com\/ee\/wp-json\/wp\/v2\/types\/post"}],"author":[{"embeddable":true,"href":"https:\/\/www.europesays.com\/ee\/wp-json\/wp\/v2\/users\/2"}],"replies":[{"embeddable":true,"href":"https:\/\/www.europesays.com\/ee\/wp-json\/wp\/v2\/comments?post=205202"}],"version-history":[{"count":0,"href":"https:\/\/www.europesays.com\/ee\/wp-json\/wp\/v2\/posts\/205202\/revisions"}],"wp:featuredmedia":[{"embeddable":true,"href":"https:\/\/www.europesays.com\/ee\/wp-json\/wp\/v2\/media\/205203"}],"wp:attachment":[{"href":"https:\/\/www.europesays.com\/ee\/wp-json\/wp\/v2\/media?parent=205202"}],"wp:term":[{"taxonomy":"category","embeddable":true,"href":"https:\/\/www.europesays.com\/ee\/wp-json\/wp\/v2\/categories?post=205202"},{"taxonomy":"post_tag","embeddable":true,"href":"https:\/\/www.europesays.com\/ee\/wp-json\/wp\/v2\/tags?post=205202"}],"curies":[{"name":"wp","href":"https:\/\/api.w.org\/{rel}","templated":true}]}}