{"id":205329,"date":"2026-06-16T11:39:08","date_gmt":"2026-06-16T11:39:08","guid":{"rendered":"https:\/\/www.europesays.com\/ee\/205329\/"},"modified":"2026-06-16T11:39:08","modified_gmt":"2026-06-16T11:39:08","slug":"poff-kogub-30-sunnipaevaks-kulastajate-malestusi-ja-vanu-fotosid-film","status":"publish","type":"post","link":"https:\/\/www.europesays.com\/ee\/205329\/","title":{"rendered":"P\u00d6FF kogub 30. s\u00fcnnip\u00e4evaks k\u00fclastajate m\u00e4lestusi ja vanu fotosid | Film"},"content":{"rendered":"<p>30. s\u00fcnnip\u00e4eva t\u00e4histav Pimedate \u00d6\u00f6de filmifestival kutsub k\u00fclastajaid \u00fcles jagama oma m\u00e4lestusi, vanu fotosid ja esemeid.<\/p>\n<p>Jagatu leiab koha juubeli puhul loodavas P\u00d6FFi m\u00e4lupangas, mis hakkab koondama festivali ajalugu puudutavaid materjale. Oodatud on meenutused eredamatest elamustest, juhtumustest ja filmidest, aga ka P\u00d6FFi t\u00e4hendusest f\u00e4nnide elus. Samuti festivaliga seotud isiklike rituaalide kirjeldused \u2013 alates filmide valimisest kuni festivaliaegse &#8220;elluj\u00e4\u00e4mis\u00f5petuseni&#8221; v\u00e4lja.<\/p>\n<p>Eriti vajalikud on m\u00e4lestused ja fotod P\u00d6FFi algusaegadest, eelk\u00f5ige festivali esimesest kodust Sakala keskusest, mille kohta on festivalil endal s\u00e4ilinud v\u00e4he materjali.<\/p>\n<p>Valitud palad leiavad avaldamist P\u00d6FF kodulehel ja teistes festivali kanalites. Materjale oodatakse aadressile\u00a0poff@poff.ee\u00a0hiljemalt 31. juuliks.<\/p>\n<p>30. Pimedate \u00d6\u00f6de filmifestival toimub 6. kuni 22. novembrini.<\/p>\n","protected":false},"excerpt":{"rendered":"30. s\u00fcnnip\u00e4eva t\u00e4histav Pimedate \u00d6\u00f6de filmifestival kutsub k\u00fclastajaid \u00fcles jagama oma m\u00e4lestusi, vanu fotosid ja esemeid. Jagatu leiab&hellip;\n","protected":false},"author":2,"featured_media":205330,"comment_status":"","ping_status":"","sticky":false,"template":"","format":"standard","meta":{"footnotes":"","_share_on_mastodon":"0"},"categories":[16],"tags":[37,33,35,173,34,36,140,6619,2870],"class_list":["post-205329","post","type-post","status-publish","format-standard","has-post-thumbnail","category-meelelahutus","tag-ee","tag-eesti","tag-eesti-keel","tag-entertainment","tag-estonia","tag-estonian","tag-meelelahutus","tag-pimedate-oode-filmifestival","tag-poff"],"share_on_mastodon":{"url":"https:\/\/pubeurope.com\/@ee\/116759597236996377","error":""},"_links":{"self":[{"href":"https:\/\/www.europesays.com\/ee\/wp-json\/wp\/v2\/posts\/205329","targetHints":{"allow":["GET"]}}],"collection":[{"href":"https:\/\/www.europesays.com\/ee\/wp-json\/wp\/v2\/posts"}],"about":[{"href":"https:\/\/www.europesays.com\/ee\/wp-json\/wp\/v2\/types\/post"}],"author":[{"embeddable":true,"href":"https:\/\/www.europesays.com\/ee\/wp-json\/wp\/v2\/users\/2"}],"replies":[{"embeddable":true,"href":"https:\/\/www.europesays.com\/ee\/wp-json\/wp\/v2\/comments?post=205329"}],"version-history":[{"count":0,"href":"https:\/\/www.europesays.com\/ee\/wp-json\/wp\/v2\/posts\/205329\/revisions"}],"wp:featuredmedia":[{"embeddable":true,"href":"https:\/\/www.europesays.com\/ee\/wp-json\/wp\/v2\/media\/205330"}],"wp:attachment":[{"href":"https:\/\/www.europesays.com\/ee\/wp-json\/wp\/v2\/media?parent=205329"}],"wp:term":[{"taxonomy":"category","embeddable":true,"href":"https:\/\/www.europesays.com\/ee\/wp-json\/wp\/v2\/categories?post=205329"},{"taxonomy":"post_tag","embeddable":true,"href":"https:\/\/www.europesays.com\/ee\/wp-json\/wp\/v2\/tags?post=205329"}],"curies":[{"name":"wp","href":"https:\/\/api.w.org\/{rel}","templated":true}]}}