{"id":205340,"date":"2026-06-16T11:51:11","date_gmt":"2026-06-16T11:51:11","guid":{"rendered":"https:\/\/www.europesays.com\/ee\/205340\/"},"modified":"2026-06-16T11:51:11","modified_gmt":"2026-06-16T11:51:11","slug":"gent-sai-endale-belgias-hinnatud-keskkaitsja-kuhu-mahutada-paskotsi-soccernet-ee","status":"publish","type":"post","link":"https:\/\/www.europesays.com\/ee\/205340\/","title":{"rendered":"Gent sai endale Belgias hinnatud keskkaitsja. Kuhu mahutada Paskot\u0161i? &#8211; Soccernet.ee"},"content":{"rendered":"<p><img decoding=\"async\" src=\"https:\/\/www.europesays.com\/ee\/wp-content\/uploads\/2026\/06\/1781608656.jpg\" alt=\"Maksim Paskot\u0161i Gentis. Foto: Scanpix \/ Tom Goyvaerts \/ Belga \/  ZUMA Press Wire\"\/>&#13;\n<\/p>\n<p>Royale Union Saint-Gilloise&#8217; keskkaitsjast kapten Christian Burgess lahkus klubist prii mehena Maksim Paskot\u0161i tiimikaaslaseks.<\/p>\n<p>Belgia k\u00f5rgliigaklubis USG kuue aastaga \u00fcle 260 m\u00e4ngu kirja saanud ja seega klubi legendiks kerkinud keskkaitsja Christian Burgess otsustas lepingu l\u00f5ppedes v\u00f5tta vastu uue v\u00e4ljakutse. Nii l\u00f5i 34-aastane inglasest keskkaitsja k\u00e4ed KAA Gentiga, kes sai ta tasuta ning esialgse kokkuleppe p\u00f5hjal kaheks aastaks.&#13;\n<\/p>\n<p>Enne Belgiasse kolimist pikalt Portsmouthis m\u00e4nginud Burgess t\u00e4histas USG-ga kokku kuute karikat, nende seas eelmise hooaja liigav\u00f5itu. L\u00f5ppenud h\u00f5bedasel hooajal kaptenina USG kolmese kaitseliini keskmes tegutsenud Burgessile kogunes k\u00f5ikide sarjade peale pea 4500 m\u00e4nguminutit ning seitse v\u00e4ravaosalust, aga ka 17 kollast ja \u00fcks punane kaart.&#13;\n<\/p>\n<p>Hooaja viiendana l\u00f5petanud ja Konverentsiliigasse p\u00e4\u00e4senud Gentis ootab teda ees Eesti koondise keskkaitsja Maksim Paskot\u0161i. Oma esimesel hooajal m\u00e4ngis ta kas kolmese kaitseliini vasakpoolse l\u00fclina v\u00f5i neljase liini parempoolse keskkaitsjana ning kasutas teenitud usalduse \u00fcsna h\u00e4sti \u00e4ra. Paskot\u0161i k\u00f5rval oli teiseks p\u00f5hikeskkaitsjaks 28-aastane belglane Siebe Van der Heyden, kes ka liitus klubiga eelmisel suvel.<\/p>\n<p>2025. aasta l\u00f5pust ametisse nimetatud Rik De Mil on kasutanud nii neljast kui kolmest tagaliini \u00fcsna v\u00f5rdselt. Kolmese kasuks otsustamise korral mahuksid platsile \u00e4ra nad k\u00f5ik. Neljase korral teame n\u00e4iteks, et Paskot\u0161i oskab v\u00e4ga h\u00e4sti t\u00e4itsa \u00fclesandeid ka \u00e4\u00e4rekaitses.&#13;\n<\/p>\n<blockquote class=\"instagram-media\" data-instgrm-captioned=\"\" data-instgrm-permalink=\"https:\/\/www.instagram.com\/p\/DZo6jutDkca\/?utm_source=ig_embed&amp;utm_campaign=loading\" data-instgrm-version=\"14\" style=\" background:#FFF; border:0; border-radius:3px; box-shadow:0 0 1px 0 rgba(0,0,0,0.5),0 1px 10px 0 rgba(0,0,0,0.15); margin: 1px; max-width:540px; min-width:326px; padding:0; width:99.375%; width:-webkit-calc(100% - 2px); width:calc(100% - 2px);\"><p>&#13;<br \/>\n&#13;\n<\/p><\/blockquote>\n<p>          <script async src=\"\/\/www.instagram.com\/embed.js\"><\/script><\/p>\n","protected":false},"excerpt":{"rendered":"&#13; Royale Union Saint-Gilloise&#8217; keskkaitsjast kapten Christian Burgess lahkus klubist prii mehena Maksim Paskot\u0161i tiimikaaslaseks. Belgia k\u00f5rgliigaklubis USG&hellip;\n","protected":false},"author":2,"featured_media":205341,"comment_status":"","ping_status":"","sticky":false,"template":"","format":"standard","meta":{"footnotes":"","_share_on_mastodon":"0"},"categories":[18],"tags":[5410,84344,84345,37,33,35,34,36,3091,13072,159,158,44340],"class_list":["post-205340","post","type-post","status-publish","format-standard","has-post-thumbnail","category-sport","tag-belgia","tag-burgess","tag-christian-burgess","tag-ee","tag-eesti","tag-eesti-keel","tag-estonia","tag-estonian","tag-gent","tag-kaa-gent","tag-sport","tag-sports","tag-usg"],"share_on_mastodon":{"url":"https:\/\/pubeurope.com\/@ee\/116759644777453237","error":""},"_links":{"self":[{"href":"https:\/\/www.europesays.com\/ee\/wp-json\/wp\/v2\/posts\/205340","targetHints":{"allow":["GET"]}}],"collection":[{"href":"https:\/\/www.europesays.com\/ee\/wp-json\/wp\/v2\/posts"}],"about":[{"href":"https:\/\/www.europesays.com\/ee\/wp-json\/wp\/v2\/types\/post"}],"author":[{"embeddable":true,"href":"https:\/\/www.europesays.com\/ee\/wp-json\/wp\/v2\/users\/2"}],"replies":[{"embeddable":true,"href":"https:\/\/www.europesays.com\/ee\/wp-json\/wp\/v2\/comments?post=205340"}],"version-history":[{"count":0,"href":"https:\/\/www.europesays.com\/ee\/wp-json\/wp\/v2\/posts\/205340\/revisions"}],"wp:featuredmedia":[{"embeddable":true,"href":"https:\/\/www.europesays.com\/ee\/wp-json\/wp\/v2\/media\/205341"}],"wp:attachment":[{"href":"https:\/\/www.europesays.com\/ee\/wp-json\/wp\/v2\/media?parent=205340"}],"wp:term":[{"taxonomy":"category","embeddable":true,"href":"https:\/\/www.europesays.com\/ee\/wp-json\/wp\/v2\/categories?post=205340"},{"taxonomy":"post_tag","embeddable":true,"href":"https:\/\/www.europesays.com\/ee\/wp-json\/wp\/v2\/tags?post=205340"}],"curies":[{"name":"wp","href":"https:\/\/api.w.org\/{rel}","templated":true}]}}