{"id":205377,"date":"2026-06-16T12:27:02","date_gmt":"2026-06-16T12:27:02","guid":{"rendered":"https:\/\/www.europesays.com\/ee\/205377\/"},"modified":"2026-06-16T12:27:02","modified_gmt":"2026-06-16T12:27:02","slug":"trump-vestles-telefonitsi-putini-ja-zelenskoiga","status":"publish","type":"post","link":"https:\/\/www.europesays.com\/ee\/205377\/","title":{"rendered":"Trump vestles telefonitsi Putini ja Zelensk\u00f5iga"},"content":{"rendered":"<p>USA president Donald Trump pidas telefonivestluse Vladimir Putiniga, teatas Venemaa presidendi abi Juri U\u0161akov, kirjutab Meduza.<\/p>\n<p data-path-to-node=\"2\">55 minutit kestnud vestluse jooksul arutasid Trump ja Putin kahepoolseid suhteid ja rahvusvahelist olukorda, sealhulgas USA ja Iraani vahelist s\u00f5da ning selle v\u00f5imalikku kiiret l\u00f5ppemist.<\/p>\n<p data-path-to-node=\"3\">Putin \u00f5nnitles USA liidrit 80. s\u00fcnnip\u00e4eva puhul. Trump teatas talle, et Venemaa president oli esimene v\u00e4lisriikide liidritest, kes talle t\u00e4na helistas, v\u00e4idab U\u0161akov.<\/p>\n<p data-path-to-node=\"4\">Trump avaldas toetust Venemaa-Ukraina s\u00f5ja l\u00f5petamisele ning v\u00e4ljendas Venemaa presidendi abi s\u00f5nul valmisolekut m\u00f5jutada Kiievit ja Euroopat.<\/p>\n<p data-path-to-node=\"5\">Putin teatas Trumpile, et kui Ukraina president Volod\u00f5m\u00f5r Zelensk\u00f5i soovib temaga kohtuda, siis tulgu ta Mosvka. Lisaks leppisid Venemaa ja USA presidendid kokku, et Trumpi erisaadikud ja USA-poolsed l\u00e4bir\u00e4\u00e4kijad \u2013 Steve Witkoff ja Jared Kushner \u2013 k\u00fclastavad l\u00e4hiajal taas Venemaad.<\/p>\n<p data-path-to-node=\"6\">Omakorda teatas ka Ukraina president Volod\u00f5m\u00f5r Zelensk\u00f5i, et vestles telefonitsi Trumpiga ja \u00f5nnitles teda s\u00fcnnip\u00e4eva puhul. Tema s\u00f5nul arutasid nad USA liidriga \u00fcksikasjalikult \u201epaljusid v\u00f5tmek\u00fcsimusi, sealhulgas muidugi rahu\u201c.<\/p>\n<p data-path-to-node=\"7\">\u201eMe arutasime, mis v\u00f5iks aidata rahu praegu l\u00e4hemale tuua, ning ma teavitasin presidenti viimastest s\u00fcndmustest lahinguv\u00e4ljal ja sellest, kuidas meie positsioon on tugevnenud. Leppisime kokku, et arutame l\u00e4hemalt meie kohtumisel G7 tippkohtumisel,\u201c lisas Zelensk\u00f5i.<\/p>\n<p data-path-to-node=\"8\">Hiljem lisas Ukraina president, et leppis Trumpiga kokku kohtumise suhtes. J\u00e4i selgusetuks, kas tegemist on omavahelise kohtumisega v\u00f5i l\u00e4bir\u00e4\u00e4kimistega Prantsusmaal toimuva G7 tippkohtumise raames, kus osalevad ka teised liidrid.<\/p>\n","protected":false},"excerpt":{"rendered":"USA president Donald Trump pidas telefonivestluse Vladimir Putiniga, teatas Venemaa presidendi abi Juri U\u0161akov, kirjutab Meduza. 55 minutit&hellip;\n","protected":false},"author":2,"featured_media":205378,"comment_status":"","ping_status":"","sticky":false,"template":"","format":"standard","meta":{"footnotes":"","_share_on_mastodon":"0"},"categories":[80],"tags":[26,27,324,37,33,35,34,36,31,32,84347,21,12329,28,29,95,19,25,23,24,22,462,20,30,661,263,92,93,94],"class_list":["post-205377","post","type-post","status-publish","format-standard","has-post-thumbnail","category-maailm","tag-breaking-news","tag-breakingnews","tag-donald-trump","tag-ee","tag-eesti","tag-eesti-keel","tag-estonia","tag-estonian","tag-featured-news","tag-featurednews","tag-g7-tippkohtumine","tag-headlines","tag-juri-usakov","tag-latest-news","tag-latestnews","tag-maailm","tag-news","tag-populaarseimad-lood","tag-top-stories","tag-topstories","tag-uldised-uudised","tag-usa-president","tag-uudised","tag-viimased-uudised","tag-vladimir-putin","tag-volodomor-zelenskoi","tag-world","tag-world-news","tag-worldnews"],"share_on_mastodon":{"url":"https:\/\/pubeurope.com\/@ee\/116759786069338290","error":""},"_links":{"self":[{"href":"https:\/\/www.europesays.com\/ee\/wp-json\/wp\/v2\/posts\/205377","targetHints":{"allow":["GET"]}}],"collection":[{"href":"https:\/\/www.europesays.com\/ee\/wp-json\/wp\/v2\/posts"}],"about":[{"href":"https:\/\/www.europesays.com\/ee\/wp-json\/wp\/v2\/types\/post"}],"author":[{"embeddable":true,"href":"https:\/\/www.europesays.com\/ee\/wp-json\/wp\/v2\/users\/2"}],"replies":[{"embeddable":true,"href":"https:\/\/www.europesays.com\/ee\/wp-json\/wp\/v2\/comments?post=205377"}],"version-history":[{"count":0,"href":"https:\/\/www.europesays.com\/ee\/wp-json\/wp\/v2\/posts\/205377\/revisions"}],"wp:featuredmedia":[{"embeddable":true,"href":"https:\/\/www.europesays.com\/ee\/wp-json\/wp\/v2\/media\/205378"}],"wp:attachment":[{"href":"https:\/\/www.europesays.com\/ee\/wp-json\/wp\/v2\/media?parent=205377"}],"wp:term":[{"taxonomy":"category","embeddable":true,"href":"https:\/\/www.europesays.com\/ee\/wp-json\/wp\/v2\/categories?post=205377"},{"taxonomy":"post_tag","embeddable":true,"href":"https:\/\/www.europesays.com\/ee\/wp-json\/wp\/v2\/tags?post=205377"}],"curies":[{"name":"wp","href":"https:\/\/api.w.org\/{rel}","templated":true}]}}