{"id":205605,"date":"2026-06-16T16:27:08","date_gmt":"2026-06-16T16:27:08","guid":{"rendered":"https:\/\/www.europesays.com\/ee\/205605\/"},"modified":"2026-06-16T16:27:08","modified_gmt":"2026-06-16T16:27:08","slug":"jahe-ilm-mojutab-jaatisemuuki-eelkoige-vaikeasulates-eesti","status":"publish","type":"post","link":"https:\/\/www.europesays.com\/ee\/205605\/","title":{"rendered":"Jahe ilm m\u00f5jutab j\u00e4\u00e4tisem\u00fc\u00fcki eelk\u00f5ige v\u00e4ikeasulates | Eesti"},"content":{"rendered":"<p>Kuigi suurt suvesooja pole veel olnud, on j\u00e4\u00e4tisem\u00fc\u00fcjad algavaks hooajaks valmistunud. K\u00fclmem ilm m\u00f5jutab v\u00e4ikeseid tegijaid, mitte suuri jaekette.<\/p>\n<p>Eestlase j\u00e4\u00e4tiseisu jahe suve algus k\u00fcll \u00e4ra ei v\u00f5ta, kuid muudab ostuharjumusi. K\u00f5ige valusama hoobi saavad paratamatult v\u00e4lim\u00fc\u00fcjad ja suvefestivalid. Aga lapsed tahavad j\u00e4\u00e4tist s\u00fc\u00fca iga ilmaga.<\/p>\n<p>&#8220;M\u00fc\u00fck hakkab muutuma ilma t\u00f5ttu v\u00e4ikej\u00e4\u00e4tiste kategoorias. See aasta on v\u00e4ikej\u00e4\u00e4tiste m\u00fc\u00fck suurem, kui oli eelmine aasta. Pooleliitrised topsid aastaringselt m\u00fc\u00fcvad suhteliselt \u00fchepalju, s\u00f5ltumata sellest, mitu kraadi v\u00e4ljas sooja v\u00f5i k\u00fclma on,&#8221; \u00fctles Coop Tartu juhatuse liige Kaire Krevald.<\/p>\n<p>Soojaga elavneb j\u00e4\u00e4tisem\u00fc\u00fck eelk\u00f5ige elamupiirkondades, mitte suurlinna keskustes. Just maa- ja v\u00e4ikeasulate kauplused s\u00f5ltuvad ilmast k\u00f5ige enam, sest ilusa ilma korral liigub rohkem inimesi m\u00f6\u00f6da Eestit ringi.<\/p>\n<p>&#8220;Juunikuu n\u00e4dalavahetused ei ole olnud v\u00e4ga ilusad ja tahetakse pigem v\u00f5ib-olla sooja s\u00f6\u00f6ki. \u00dctleme need, kes m\u00fc\u00fcvad j\u00e4\u00e4tist v\u00f5i midagi sellist k\u00fclma v\u00f5i kokteili, siis nende m\u00fc\u00fcgid kindlasti on tagasihoidlikumad, kui nad sooviksid,&#8221; s\u00f5nas Minimeltsi j\u00e4\u00e4tiste esindaja Katre Teearu.<\/p>\n<p>Kraadiklaasi n\u00e4it ei otsusta ainult seda, kas inimesed \u00fcldse j\u00e4\u00e4tist ostavad, vaid seab ritta ka lemmikmaitsed.<\/p>\n<p>&#8220;Jahedama ilmaga l\u00e4heb rohkem koorej\u00e4\u00e4tis, nii-\u00f6elda rammusam j\u00e4\u00e4tis. Kui on palav ilm, siis l\u00e4hevad kaubaks h\u00e4sti mahlaj\u00e4\u00e4tised, hapud maitsed ja sorbetid,&#8221; lisas Teearu.<\/p>\n","protected":false},"excerpt":{"rendered":"Kuigi suurt suvesooja pole veel olnud, on j\u00e4\u00e4tisem\u00fc\u00fcjad algavaks hooajaks valmistunud. K\u00fclmem ilm m\u00f5jutab v\u00e4ikeseid tegijaid, mitte suuri&hellip;\n","protected":false},"author":2,"featured_media":205606,"comment_status":"","ping_status":"","sticky":false,"template":"","format":"standard","meta":{"footnotes":"","_share_on_mastodon":"0"},"categories":[18],"tags":[5639,37,33,35,34,36,84381,84383,84382,159,158],"class_list":["post-205605","post","type-post","status-publish","format-standard","has-post-thumbnail","category-sport","tag-coop","tag-ee","tag-eesti","tag-eesti-keel","tag-estonia","tag-estonian","tag-jaatisemuuk","tag-kaire-krevald","tag-katre-teearu","tag-sport","tag-sports"],"share_on_mastodon":{"url":"https:\/\/pubeurope.com\/@ee\/116760729477457149","error":""},"_links":{"self":[{"href":"https:\/\/www.europesays.com\/ee\/wp-json\/wp\/v2\/posts\/205605","targetHints":{"allow":["GET"]}}],"collection":[{"href":"https:\/\/www.europesays.com\/ee\/wp-json\/wp\/v2\/posts"}],"about":[{"href":"https:\/\/www.europesays.com\/ee\/wp-json\/wp\/v2\/types\/post"}],"author":[{"embeddable":true,"href":"https:\/\/www.europesays.com\/ee\/wp-json\/wp\/v2\/users\/2"}],"replies":[{"embeddable":true,"href":"https:\/\/www.europesays.com\/ee\/wp-json\/wp\/v2\/comments?post=205605"}],"version-history":[{"count":0,"href":"https:\/\/www.europesays.com\/ee\/wp-json\/wp\/v2\/posts\/205605\/revisions"}],"wp:featuredmedia":[{"embeddable":true,"href":"https:\/\/www.europesays.com\/ee\/wp-json\/wp\/v2\/media\/205606"}],"wp:attachment":[{"href":"https:\/\/www.europesays.com\/ee\/wp-json\/wp\/v2\/media?parent=205605"}],"wp:term":[{"taxonomy":"category","embeddable":true,"href":"https:\/\/www.europesays.com\/ee\/wp-json\/wp\/v2\/categories?post=205605"},{"taxonomy":"post_tag","embeddable":true,"href":"https:\/\/www.europesays.com\/ee\/wp-json\/wp\/v2\/tags?post=205605"}],"curies":[{"name":"wp","href":"https:\/\/api.w.org\/{rel}","templated":true}]}}