{"id":205651,"date":"2026-06-16T17:24:29","date_gmt":"2026-06-16T17:24:29","guid":{"rendered":"https:\/\/www.europesays.com\/ee\/205651\/"},"modified":"2026-06-16T17:24:29","modified_gmt":"2026-06-16T17:24:29","slug":"postimees-strasbourgis-%e2%9f%a9-madison-droonidebatis-kallasele-me-molemad-teame-et-euroopa-uhtsus-on-luul","status":"publish","type":"post","link":"https:\/\/www.europesays.com\/ee\/205651\/","title":{"rendered":"POSTIMEES STRASBOURGIS \u27e9 Madison droonidebatis Kallasele: me m\u00f5lemad teame, et Euroopa \u00fchtsus on luul"},"content":{"rendered":"<p class=\"MsoNormal\">\u00abVenemaa esindab k\u00f5ige otsesemat ja vahetumat ohtu ELi julgeolekule mitte ainult oma agressioonis\u00f5jaga Ukraina vastu, aga ka oma h\u00fcbriidtaktika s\u00fcstemaatilise kasutamisega meie \u00fchiskondade ja institutsioonide vastu. Peame j\u00e4\u00e4ma rahulikuks, \u00fchtseks ja kindlaks oma vastuses,\u00bb r\u00f5hutas ELi v\u00e4lispoliitika juht Kaja Kallas, kui avas Strasbourgis teisip\u00e4eval debati Venemaa provokatsioonide ja droonide sattumise \u00fcle Soome, Baltimaade ja Rumeenia territooriumile.<\/p>\n","protected":false},"excerpt":{"rendered":"\u00abVenemaa esindab k\u00f5ige otsesemat ja vahetumat ohtu ELi julgeolekule mitte ainult oma agressioonis\u00f5jaga Ukraina vastu, aga ka oma&hellip;\n","protected":false},"author":2,"featured_media":205652,"comment_status":"","ping_status":"","sticky":false,"template":"","format":"standard","meta":{"footnotes":"","_share_on_mastodon":"0"},"categories":[80],"tags":[26,27,884,37,33,35,84391,34,36,590,1948,31,32,21,5185,13097,749,1639,28,29,95,19,5076,25,13095,23,24,124,22,20,96,2783,30,661,92,93,94],"class_list":["post-205651","post","type-post","status-publish","format-standard","has-post-thumbnail","category-maailm","tag-breaking-news","tag-breakingnews","tag-droonirunnak","tag-ee","tag-eesti","tag-eesti-keel","tag-eli-ohuruum","tag-estonia","tag-estonian","tag-euroopa-liit","tag-euroopa-parlament","tag-featured-news","tag-featurednews","tag-headlines","tag-hubriidsoda","tag-jaak-madison","tag-juri-ratas","tag-kaja-kallas","tag-latest-news","tag-latestnews","tag-maailm","tag-news","tag-pekka-toveri","tag-populaarseimad-lood","tag-sven-mikser","tag-top-stories","tag-topstories","tag-ukraina-soda","tag-uldised-uudised","tag-uudised","tag-venemaa","tag-venemaa-sanktsioonid","tag-viimased-uudised","tag-vladimir-putin","tag-world","tag-world-news","tag-worldnews"],"share_on_mastodon":{"url":"","error":"Validation failed: Text character limit of 500 exceeded"},"_links":{"self":[{"href":"https:\/\/www.europesays.com\/ee\/wp-json\/wp\/v2\/posts\/205651","targetHints":{"allow":["GET"]}}],"collection":[{"href":"https:\/\/www.europesays.com\/ee\/wp-json\/wp\/v2\/posts"}],"about":[{"href":"https:\/\/www.europesays.com\/ee\/wp-json\/wp\/v2\/types\/post"}],"author":[{"embeddable":true,"href":"https:\/\/www.europesays.com\/ee\/wp-json\/wp\/v2\/users\/2"}],"replies":[{"embeddable":true,"href":"https:\/\/www.europesays.com\/ee\/wp-json\/wp\/v2\/comments?post=205651"}],"version-history":[{"count":0,"href":"https:\/\/www.europesays.com\/ee\/wp-json\/wp\/v2\/posts\/205651\/revisions"}],"wp:featuredmedia":[{"embeddable":true,"href":"https:\/\/www.europesays.com\/ee\/wp-json\/wp\/v2\/media\/205652"}],"wp:attachment":[{"href":"https:\/\/www.europesays.com\/ee\/wp-json\/wp\/v2\/media?parent=205651"}],"wp:term":[{"taxonomy":"category","embeddable":true,"href":"https:\/\/www.europesays.com\/ee\/wp-json\/wp\/v2\/categories?post=205651"},{"taxonomy":"post_tag","embeddable":true,"href":"https:\/\/www.europesays.com\/ee\/wp-json\/wp\/v2\/tags?post=205651"}],"curies":[{"name":"wp","href":"https:\/\/api.w.org\/{rel}","templated":true}]}}