{"id":205685,"date":"2026-06-16T18:00:08","date_gmt":"2026-06-16T18:00:08","guid":{"rendered":"https:\/\/www.europesays.com\/ee\/205685\/"},"modified":"2026-06-16T18:00:08","modified_gmt":"2026-06-16T18:00:08","slug":"bruce-willise-kaasa-kummutab-naitleja-murdnud-haiguse-kohta-levivat-vaararvamust","status":"publish","type":"post","link":"https:\/\/www.europesays.com\/ee\/205685\/","title":{"rendered":"Bruce Willise kaasa kummutab n\u00e4itleja murdnud haiguse kohta levivat v\u00e4\u00e4rarvamust"},"content":{"rendered":"<p>Endine modell Emma Heming Willis on viimastel aastatel hoolt kandnud oma abikaasa, armastatud n\u00e4itleja Bruce Willise eest. Willis l\u00f5petas oma karj\u00e4\u00e4ri 2021. aastal p\u00e4rast afaasia diagnoosi, aasta hiljem avaldas n\u00e4itleja perekond, et mehel diagnoositi frontotemporaalne dementsus (FTD), mis on haruldane dementsuse vorm. FTD p\u00f5hjustab k\u00e4itumis- ja k\u00f5neprobleeme, areneb aeglaselt ning s\u00fcveneb aastatega.<\/p>\n","protected":false},"excerpt":{"rendered":"Endine modell Emma Heming Willis on viimastel aastatel hoolt kandnud oma abikaasa, armastatud n\u00e4itleja Bruce Willise eest. Willis&hellip;\n","protected":false},"author":2,"featured_media":205686,"comment_status":"","ping_status":"","sticky":false,"template":"","format":"standard","meta":{"footnotes":"","_share_on_mastodon":"0"},"categories":[91],"tags":[84397,971,240,9133,21291,37,33,35,84400,81024,173,34,36,84398,80916,53250,241,140,82748,84399],"class_list":["post-205685","post","type-post","status-publish","format-standard","has-post-thumbnail","category-kuulsused","tag-afaasia","tag-bruce-willis","tag-celebrities","tag-dementsus","tag-demi-moore","tag-ee","tag-eesti","tag-eesti-keel","tag-el-pais","tag-emma-heming-willis","tag-entertainment","tag-estonia","tag-estonian","tag-hooldaja-roll","tag-hoolduskoormus","tag-hooldusvajadus","tag-kuulsused","tag-meelelahutus","tag-page-six","tag-the-bossticks"],"share_on_mastodon":{"url":"https:\/\/pubeurope.com\/@ee\/116761095461563530","error":""},"_links":{"self":[{"href":"https:\/\/www.europesays.com\/ee\/wp-json\/wp\/v2\/posts\/205685","targetHints":{"allow":["GET"]}}],"collection":[{"href":"https:\/\/www.europesays.com\/ee\/wp-json\/wp\/v2\/posts"}],"about":[{"href":"https:\/\/www.europesays.com\/ee\/wp-json\/wp\/v2\/types\/post"}],"author":[{"embeddable":true,"href":"https:\/\/www.europesays.com\/ee\/wp-json\/wp\/v2\/users\/2"}],"replies":[{"embeddable":true,"href":"https:\/\/www.europesays.com\/ee\/wp-json\/wp\/v2\/comments?post=205685"}],"version-history":[{"count":0,"href":"https:\/\/www.europesays.com\/ee\/wp-json\/wp\/v2\/posts\/205685\/revisions"}],"wp:featuredmedia":[{"embeddable":true,"href":"https:\/\/www.europesays.com\/ee\/wp-json\/wp\/v2\/media\/205686"}],"wp:attachment":[{"href":"https:\/\/www.europesays.com\/ee\/wp-json\/wp\/v2\/media?parent=205685"}],"wp:term":[{"taxonomy":"category","embeddable":true,"href":"https:\/\/www.europesays.com\/ee\/wp-json\/wp\/v2\/categories?post=205685"},{"taxonomy":"post_tag","embeddable":true,"href":"https:\/\/www.europesays.com\/ee\/wp-json\/wp\/v2\/tags?post=205685"}],"curies":[{"name":"wp","href":"https:\/\/api.w.org\/{rel}","templated":true}]}}