{"id":205769,"date":"2026-06-16T19:57:09","date_gmt":"2026-06-16T19:57:09","guid":{"rendered":"https:\/\/www.europesays.com\/ee\/205769\/"},"modified":"2026-06-16T19:57:09","modified_gmt":"2026-06-16T19:57:09","slug":"poom-oskasin-aimata-et-roheneemesaared-suudavad-hispaaniale-vastu-hakata-jalgpalli-mm","status":"publish","type":"post","link":"https:\/\/www.europesays.com\/ee\/205769\/","title":{"rendered":"Poom: oskasin aimata, et Roheneemesaared suudavad Hispaaniale vastu hakata | Jalgpalli MM"},"content":{"rendered":"<p>ETV spordisaates anal\u00fc\u00fcsisid jalgpalli MM-finaalturniiri seniseid tulemusi Eesti koondise rekordv\u00e4ravak\u00fctt Andres Oper ja praeguse koondise keskv\u00e4ljamootor Markus Poom.<\/p>\n<p>Enne kui Prantsusmaa &#8211; Senegali m\u00e4ngust r\u00e4\u00e4kima hakkame, millised teie senised muljed MM-ilt on olnud? Mis on k\u00f5ige rohkem raputanud v\u00f5i r\u00f5\u00f5mustanud?<\/p>\n<p>Markus Poom: Mind on \u00fcllatanud, kuidas Aafrika meeskonnad on hakkama saanud Euroopa meeskondade vastu. V\u00f5ib-olla oli oodata natukene suuremat Euroopa meeskondade v\u00f5imu, aga k\u00f5ik Aafrika meeskonnad on h\u00e4sti ja s\u00fcmpaatselt v\u00f5idelnud. M\u00f5ned \u00fcllatused on juba tekkinud, v\u00e4ga p\u00f5nev j\u00e4lgida!<\/p>\n<p>Andres Oper: Hispaania viik on vist k\u00f5ige suurem vau. M\u00f5ned \u00fcllatusskoorid on juba tulnud, seda on m\u00f5nus vaadata. N\u00e4iteks, kui \u0160veits m\u00e4ngis oma edu t\u00e4iesti l\u00f5puminutitel maha. Kui sa n\u00e4ed [endine N\u00f5mme Kalju r\u00fcndaja, Kanada koondislane] Promise&#8217;i v\u00e4ljakule tulemas, mis on eestlastele kindlasti meeltm\u00f6\u00f6da, et selliseid m\u00f5nusaid noppeid saab siit ja sealt juba v\u00f5tta.<\/p>\n<p>Sinul, Markus, oli endine tiimikaaslane Roheneemesaarte eest m\u00e4ngimas. Kuidas sul oli seda vaadata?<\/p>\n<p>MP: Roberto Lopest oli kihvt vaadata. Hoidsin talle k\u00f5vasti p\u00f6ialt ja isegi oskasin aimata, et nad suudavad Hispaaniale vastu hakata. Roheneemesaared kindlasti \u00fcllatasid v\u00e4ga paljusid vaatajaid.<\/p>\n<p>L\u00e4hme siis Prantsusmaa &#8211; Senegali m\u00e4ngu juurde. Meie Andresega kindlasti m\u00e4letame 2002. aasta MM-i, kui Senegal alistas avam\u00e4ngus Prantsusmaa. See m\u00e4ng tekitas tohutut poleemikat. Kuidas n\u00fc\u00fcd on? Kas j\u00f5udude vahekorrad on n\u00fc\u00fcd v\u00f5rdsemad?<\/p>\n<p>AP: Kindlasti on v\u00f5rdsemad, aga Prantsusmaa l\u00e4heb turniirile vastu suursoosikuna. Selles ei ole k\u00fcsimust. Tundub, et probleemid koondise sees ei ole v\u00e4lja tulnud, et midagi hullu oleks.<\/p>\n<p>Prantsusmaal on alati natuke omavahelist h\u00f5\u00f5rumist aastate jooksul olnud, ka sellist p\u00e4ris skandaalset. Kui oluline see siis turniiril kokkuv\u00f5ttes on?<\/p>\n<p>MP: See on tohutult t\u00e4htis. Eriti, kui m\u00f5elda MM-i peale. Sul ei ole tegelikult turniiri jooksul v\u00e4ga palju aega, kui asjad hakkavad valesti minema. Prantsusmaal peaks k\u00f5ik loogiliselt, sujuvalt minema. Selles tuleb kiita peatreenerit Didier Deschamps&#8217;i. Prantsusmaa koondises on palju h\u00e4id m\u00e4ngijaid, kellel v\u00f5iks olla suur ego, aga kui ikkagi kaks MM-i j\u00e4rjest oled finaalis ja \u00fche korra v\u00f5itnud, siis see n\u00e4itab peatreeneri ja kogu treeneritetiimi tugevust.<\/p>\n<p>Aga kui on probleeme, kuidas siis treener k\u00e4itub?<\/p>\n<p>AP: Kui sellega j\u00f5utakse finaalturniirile, siis pigem on jama majas. Ega seal sa enam ei paranda asju. 2002 on hea n\u00e4ide, kus l\u00e4ksid Prantsusmaa jaoks asjad viltu. N\u00fc\u00fcd siin-seal r\u00e4\u00e4gitakse, et Kylian Mbappel on suur ego, aga \u00f5nneks praegu ei ole midagi olnud.<\/p>\n<p>Senegal on tuntud oma tugeva kaitse poolest \u2013 MM-i kvalifikatsioonis ainult 0.3 v\u00e4ravat m\u00e4ngu kohta. Kalidou Koulibaly ja Sadio Mane on kahtlemata nende tugevaimad j\u00f5ud. Milline on nende plaan Prantsusmaa vastu?<\/p>\n<p>MP: Tegemist on v\u00e4ga tugeva koondisega. Kui vaadata nende koondise nimekirja, siis neil on pingilt v\u00f5tta Inglismaa k\u00f5rgliiga kogemusega mehi. Ehk t\u00f5esti v\u00e4ga k\u00f5vad m\u00e4ngijad on kokku aetud. Tugev kaitse v\u00f5ib suurturniiridel olla v\u00e4ga hea stardikoht. Usun, et nad v\u00f5ivad osutada Prantsusmaale v\u00e4ga k\u00f5va vastupanu.<\/p>\n<p>N\u00fc\u00fcd aga tahan veel \u00fchte teemat arendada. T\u00e4na on maailma jalgpallis p\u00e4ris erakordne p\u00e4ev, sest m\u00f5ne tunni jooksul k\u00e4ivad platsil \u00e4ra kolm maailma parimate jalgpallurite elitaarsesse perre kuuluvat pallurit \u2013 Kylian Mbappe, Erling Haaland ja vanameister Lionel Messi. V\u00e4ga vabandan Cristiano Ronaldo ja tema f\u00e4nnide ees, tema tuleb platsile kolmap\u00e4eval, aga meie r\u00e4\u00e4gime praegu neist kolmest, kes m\u00e4ngivad teisip\u00e4eval.<\/p>\n<p>Andres, sina kui Eesti koondise rekordv\u00e4ravak\u00fctt, oled l\u00f6\u00f6nud Eesti eest 38 v\u00e4ravat \u2013 Mbappel on 56, Haalandil 55 ja Messil 117. Kelle MM see n\u00fc\u00fcd siis on, kas vanameistrid teevad ruumi?<\/p>\n<p>AP: Ma arvan, et Mbappe on kindlasti v\u00e4ga motiveeritud, et l\u00fc\u00fca Miroslav Klose MM-i v\u00e4ravate rekord (16) \u00fcle. Tal peaks 12 v\u00e4ravat MM-idelt olema. Haaland l\u00f6\u00f6b neid rekordeid j\u00e4rjest iga aasta. Messi v\u00f5ib-olla v\u00e4raval\u00f6\u00f6jana on taandunud, ta pigem otsib s\u00f6\u00f6te, aga n\u00e4gime ise Eesti koondise vastu, et teised v\u00f5ivad t\u00f6\u00f6 \u00e4ra teha ja tema paneb i-le t\u00e4pi ja l\u00f6\u00f6b viis v\u00e4ravat. Ma ei oska \u00f6elda, kes neist v\u00f5iks turniiri parim v\u00e4ravak\u00fctt olla, aga neil k\u00f5igil on v\u00e4ga hea v\u00f5imalus seda teha.<\/p>\n<p>Markus, sina oled noorema p\u00f5lvkonna esindaja, kas Mbappe, Haaland ja v\u00f5ib-olla siis ka Lamine Yamal v\u00f5tavad Ronaldo ja Messi kroonid \u00e4ra?<\/p>\n<p>MP: Ma arvan, et v\u00f5ib k\u00fcll olla kolm-neli nime, kes hakkavad oma vahel niimoodi konkureerima. P\u00f5nev on j\u00e4lgida, aga seda ikkagi \u00fcle ei trumpa, mida Messi ja Ronaldo on jalgpallif\u00e4nnidele pakkunud.<\/p>\n<p>Ma soovin teile m\u00f5lemale v\u00e4ga toredat MM-i ja sulle Markus muidugi ka head hooaja ettevalmistust Slovakkias oma koduklubi juures!<\/p>\n","protected":false},"excerpt":{"rendered":"ETV spordisaates anal\u00fc\u00fcsisid jalgpalli MM-finaalturniiri seniseid tulemusi Eesti koondise rekordv\u00e4ravak\u00fctt Andres Oper ja praeguse koondise keskv\u00e4ljamootor Markus Poom.&hellip;\n","protected":false},"author":2,"featured_media":205770,"comment_status":"","ping_status":"","sticky":false,"template":"","format":"standard","meta":{"footnotes":"","_share_on_mastodon":"0"},"categories":[18],"tags":[27159,37,33,35,34,36,25700,80558,80557,6889,159,158],"class_list":["post-205769","post","type-post","status-publish","format-standard","has-post-thumbnail","category-sport","tag-andres-oper","tag-ee","tag-eesti","tag-eesti-keel","tag-estonia","tag-estonian","tag-jalgpalli-mm-finaalturniir","tag-jalgpalli-mm-finaalturniir-2026","tag-jalkamm","tag-markus-poom","tag-sport","tag-sports"],"share_on_mastodon":{"url":"https:\/\/pubeurope.com\/@ee\/116761555567479488","error":""},"_links":{"self":[{"href":"https:\/\/www.europesays.com\/ee\/wp-json\/wp\/v2\/posts\/205769","targetHints":{"allow":["GET"]}}],"collection":[{"href":"https:\/\/www.europesays.com\/ee\/wp-json\/wp\/v2\/posts"}],"about":[{"href":"https:\/\/www.europesays.com\/ee\/wp-json\/wp\/v2\/types\/post"}],"author":[{"embeddable":true,"href":"https:\/\/www.europesays.com\/ee\/wp-json\/wp\/v2\/users\/2"}],"replies":[{"embeddable":true,"href":"https:\/\/www.europesays.com\/ee\/wp-json\/wp\/v2\/comments?post=205769"}],"version-history":[{"count":0,"href":"https:\/\/www.europesays.com\/ee\/wp-json\/wp\/v2\/posts\/205769\/revisions"}],"wp:featuredmedia":[{"embeddable":true,"href":"https:\/\/www.europesays.com\/ee\/wp-json\/wp\/v2\/media\/205770"}],"wp:attachment":[{"href":"https:\/\/www.europesays.com\/ee\/wp-json\/wp\/v2\/media?parent=205769"}],"wp:term":[{"taxonomy":"category","embeddable":true,"href":"https:\/\/www.europesays.com\/ee\/wp-json\/wp\/v2\/categories?post=205769"},{"taxonomy":"post_tag","embeddable":true,"href":"https:\/\/www.europesays.com\/ee\/wp-json\/wp\/v2\/tags?post=205769"}],"curies":[{"name":"wp","href":"https:\/\/api.w.org\/{rel}","templated":true}]}}