{"id":205800,"date":"2026-06-16T20:56:13","date_gmt":"2026-06-16T20:56:13","guid":{"rendered":"https:\/\/www.europesays.com\/ee\/205800\/"},"modified":"2026-06-16T20:56:13","modified_gmt":"2026-06-16T20:56:13","slug":"1-juulist-hakkab-kolmandate-riikide-vaikesaadetistele-kehtima-uus-tollimaks-majandus","status":"publish","type":"post","link":"https:\/\/www.europesays.com\/ee\/205800\/","title":{"rendered":"1. juulist hakkab kolmandate riikide v\u00e4ikesaadetistele kehtima uus tollimaks | Majandus"},"content":{"rendered":"<p>1. juulist rakendub k\u00f5ikidele kolmandatest riikidest tellitud v\u00e4ikesaadetistele tollimaks kolm eurot iga erineva toote kohta. See t\u00e4hendab, et praegu Hiina odavpoest tellitud kaupade eest peab paki saabudes suure t\u00f5en\u00e4osusega juba lisatasu maksma.<\/p>\n<p>Omniva sorteerimiskeskusesse saabus teisip\u00e4eval neli veoautot\u00e4it kaupa, ennek\u00f5ike v\u00e4ikesaadetised Hiinast.<\/p>\n<p>&#8220;Umbes kolmandik mahust tuleb v\u00e4ljastpoolt Euroopa Liitu ja valdav enamus sellest on Hiinast, ennek\u00f5ike Temu, Aliexpress ja Shein. Baltikumi maht on 30\u201335 miljonit pakki. Praegu on n\u00e4ha teatavat mahtude t\u00f5usu, kas see on seotud konkreetselt tollimuudatusega, ei oska \u00f6elda,&#8221; lausus Omniva tegevjuht Martti Kuldma.<\/p>\n<p>Juunis saabuvad pakid veel vanaviisi. 1. juulist rakendub k\u00f5igile kolmandatest riikidest saabunud v\u00e4ikesaadetistele, mis j\u00e4\u00e4vad alla 150 euro, tollimaks.<\/p>\n<p>&#8220;Ehk kui t\u00e4na inimene veel kaalub, kas tellida v\u00f5i mitte, kas see kaup j\u00f5uab enne 1. juulit v\u00f5i mitte, siis suure t\u00f5en\u00e4osusega ei j\u00f5ua,&#8221; \u00fctles maksu- ja tolliameti peadirektori aset\u00e4itja Ursula Riimaa.<\/p>\n<p>\u00dche kauba pealt tuleb tasuda tollimaks kolm eurot, ent \u00fche saadetise tellimisel mitme kauba pealt mitu korda enam.<\/p>\n<p>&#8220;See t\u00e4hendab, et kui minu saadetised on kaks paari sokke, mis on \u00fcksseesama kaubaartikkel, siis lisandub sellele saadetisele kolm eurot. Aga kui minu pakis on kolm erinevat kaupa, n\u00e4iteks sokid, kleit, pluus, siis rakendub see kolm eurot iga saadetise osas,&#8221; m\u00e4rkis Riimaa.<\/p>\n<p>Kolmandatest riikidest saabuvate v\u00e4ikesaadetiste maht on viimastel aastatel h\u00fcppeliselt kasvanud. Eelmisel aastal j\u00f5udis Eestisse ligi 2,5 miljonit pakki. T\u00e4navu saabub keskmiselt juba umbes 400 000 v\u00e4ikesaadetist kuus.<\/p>\n<p>&#8220;Umbes 50 kuni 80 protsenti nendest ei vasta toote ohutusn\u00f5uetele v\u00f5i rikuvad intellektuaalse omandi n\u00f5udeid. Mis selle maksuga tahetakse teha \u2013 \u00fchelt poolt m\u00f5jutada inimest teadlikumalt l\u00e4bi m\u00f5tlema, kas mul on seda toodet vaja, et v\u00e4ltida impulssoste. Teiseks luua ka v\u00f5rdsed konkurentsitingimused meie enda ettev\u00f5tjatele, kes peavad v\u00e4ga paljudele Euroopa Liidu standarditele vastama, mida ei n\u00f5uta kolmandate riikide toodetelt,&#8221; lausus Riimaa.<\/p>\n<p>Hiljemalt 1. novembril lisandub v\u00e4ikesaadetiste tellimisel kolmandatest riikidest ka tollik\u00e4itlustasu.<\/p>\n","protected":false},"excerpt":{"rendered":"1. juulist rakendub k\u00f5ikidele kolmandatest riikidest tellitud v\u00e4ikesaadetistele tollimaks kolm eurot iga erineva toote kohta. See t\u00e4hendab, et&hellip;\n","protected":false},"author":2,"featured_media":205801,"comment_status":"","ping_status":"","sticky":false,"template":"","format":"standard","meta":{"footnotes":"","_share_on_mastodon":"0"},"categories":[5],"tags":[26,27,37,33,35,34,36,31,32,21,326,28,29,19,84423,25,84422,84421,3098,8823,84424,23,24,22,20,30],"class_list":["post-205800","post","type-post","status-publish","format-standard","has-post-thumbnail","category-uldised-uudised","tag-breaking-news","tag-breakingnews","tag-ee","tag-eesti","tag-eesti-keel","tag-estonia","tag-estonian","tag-featured-news","tag-featurednews","tag-headlines","tag-hiina","tag-latest-news","tag-latestnews","tag-news","tag-odavkaubad","tag-populaarseimad-lood","tag-postipakid","tag-saadetised","tag-shein","tag-temu","tag-tollitasu","tag-top-stories","tag-topstories","tag-uldised-uudised","tag-uudised","tag-viimased-uudised"],"share_on_mastodon":{"url":"https:\/\/pubeurope.com\/@ee\/116761787456180261","error":""},"_links":{"self":[{"href":"https:\/\/www.europesays.com\/ee\/wp-json\/wp\/v2\/posts\/205800","targetHints":{"allow":["GET"]}}],"collection":[{"href":"https:\/\/www.europesays.com\/ee\/wp-json\/wp\/v2\/posts"}],"about":[{"href":"https:\/\/www.europesays.com\/ee\/wp-json\/wp\/v2\/types\/post"}],"author":[{"embeddable":true,"href":"https:\/\/www.europesays.com\/ee\/wp-json\/wp\/v2\/users\/2"}],"replies":[{"embeddable":true,"href":"https:\/\/www.europesays.com\/ee\/wp-json\/wp\/v2\/comments?post=205800"}],"version-history":[{"count":0,"href":"https:\/\/www.europesays.com\/ee\/wp-json\/wp\/v2\/posts\/205800\/revisions"}],"wp:featuredmedia":[{"embeddable":true,"href":"https:\/\/www.europesays.com\/ee\/wp-json\/wp\/v2\/media\/205801"}],"wp:attachment":[{"href":"https:\/\/www.europesays.com\/ee\/wp-json\/wp\/v2\/media?parent=205800"}],"wp:term":[{"taxonomy":"category","embeddable":true,"href":"https:\/\/www.europesays.com\/ee\/wp-json\/wp\/v2\/categories?post=205800"},{"taxonomy":"post_tag","embeddable":true,"href":"https:\/\/www.europesays.com\/ee\/wp-json\/wp\/v2\/tags?post=205800"}],"curies":[{"name":"wp","href":"https:\/\/api.w.org\/{rel}","templated":true}]}}