{"id":205827,"date":"2026-06-16T21:40:11","date_gmt":"2026-06-16T21:40:11","guid":{"rendered":"https:\/\/www.europesays.com\/ee\/205827\/"},"modified":"2026-06-16T21:40:11","modified_gmt":"2026-06-16T21:40:11","slug":"memo-varavarekord-variseb-180-ja-150-miljoni-mehed-tombasid-prantsusmaa-lopuks-kaima-soccernet-ee","status":"publish","type":"post","link":"https:\/\/www.europesays.com\/ee\/205827\/","title":{"rendered":"Memo | V\u00e4ravarekord v\u00e4riseb! 180 ja 150 miljoni mehed t\u00f5mbasid Prantsusmaa l\u00f5puks k\u00e4ima &#8211; Soccernet.ee"},"content":{"rendered":"<p><img decoding=\"async\" src=\"https:\/\/www.europesays.com\/ee\/wp-content\/uploads\/2026\/06\/1781643952.jpg\" alt=\"Kylian Mbappe ja Michael Olise t\u00f5mbasid Prantsusmaa r\u00fcnnaku k\u00e4ima. Foto: Scanpix \/ FRANCK FIFE \/ AFP\"\/>&#13;\n<\/p>\n<p>24 aastat tagasi MM-finaalturniiri kaotusega Senegalile alustanud Prantsusmaa k\u00e4ivitus sama vastasega kohtudes kehvasti ka seekord, kuid teisel poolajal pandi oma paremus maksvusele.<\/p>\n<p>Prantsusmaa oli avapoolajal iseenda kahvatu vari, suutmata tekitada ainsatki konkreetset v\u00e4ravav\u00f5imalust. Senegali poolelt tabas Nicolas Jackson 25. minuti vastur\u00fcnnakul posti ning\u00a0Ismaila Sarr luhtas vahetult enne vaheajavilet hiilgava v\u00f5imaluse, saates kuuelt meetrilt vabalt positsioonilt jalal\u00f6\u00f6gi \u00fcle v\u00e4rava.&#13;\n<\/p>\n<p>Senegal pidi neid olukordi kahetsema, sest teisel poolajal said prantslased mootori k\u00e4ima. Michael Olise tekitas \u00fche v\u00f5imaluse teise j\u00e4rel, minnes ise l\u00f6\u00f6gile ja jagades l\u00e4bis\u00f6\u00f6te Kylian Mbappele. Senegali v\u00e4ravavaht Edouard Mendy vastas mitme hiilgava t\u00f5rjega, kuid 66. minutil oli ka tema v\u00f5imetu, kui Olise supers\u00f6\u00f6t viis Mbappe viiekasti nurga juurest l\u00f6\u00f6gile ning too suunas p\u00f6\u00f6rdelt palli tagumise posti suunas &#8211; 1:0!&#13;\n<\/p>\n<p>Jackson j\u00f5udis k\u00fcll veel suluseisust v\u00f5rku sahistada, kuid Prantsusmaa tundis end eduseisus mugavalt ja tekitas \u00fcleminekutel veel v\u00f5imalusi. \u00dche neist kasutas \u00e4ra vahetusest sekkunud Bradley Barcola, kes k\u00f5ksas Adrien Rabiot l\u00e4bis\u00f6\u00f6du j\u00e4rel palli \u00fcle Mendy &#8211; 2:0!&#13;\n<\/p>\n<p>Senegal ei j\u00e4\u00e4nud p\u00e4ris t\u00fchjade k\u00e4tega, sest viiendal \u00fcleminutil m\u00e4ngis 18-aastane Ibrahim Mbaye end trahvikasti paremast k\u00fcljest l\u00f6\u00f6gile ning saatis palli Maignani eba\u00f5nnestunud t\u00f5rje kaasabil v\u00f5rku &#8211; 2:1! See ei olnud aga veel k\u00f5ik &#8211; juba j\u00e4rgmisel minutil k\u00f5mmutas Mbappe 25 meetrilt palli lati alla &#8211; 3:1!&#13;\n<\/p>\n<p>K\u00fcmnendal \u00fcleminutil v\u00f5inuks s\u00fcndida 3:2, aga Maignan p\u00e4\u00e4stis Aurelien Tchouameni omav\u00e4rava v\u00e4ravajoonelt.\u00a0<\/p>\n<p>Soccernet.ee t\u00e4helepanekud:&#13;\n<\/p>\n<p>\u00d5nneseen | Mike Maignan. Vaid paariminutilise m\u00e4ngu j\u00e4rel p\u00e4\u00e4ses Prantsusmaa potentsiaalselt v\u00e4ga piinlikust kaotusseisust. Senegal m\u00e4ngis parasjagu nurgal\u00f6\u00f6gi lahti, kui Mike Maignan tundis varbaleastumist ja viskus murule pikali. Kohtunikud ilmselgelt ei n\u00e4inud juhtunut, aga Austraalia peakohtunik Alireza Faghani otsustas igaks juhuks vea m\u00e4\u00e4rata. Videokordus kinnitas, et Maignanile astus jalale hoopis tema meeskonnakaaslane\u00a0Aurelien Tchouameni, nii et Senegalilt r\u00f6\u00f6viti v\u00f5imalus r\u00fcnnata ilma valveta j\u00e4\u00e4nud v\u00e4ravat!&#13;\n<\/p>\n<blockquote class=\"twitter-tweet\"><p>&#13;<\/p>\n<p lang=\"fr\" dir=\"ltr\">\ud83d\ude2d C&#8217;est Tchouam\u00e9ni qui a march\u00e9 sur le pied de Maignan <a href=\"https:\/\/t.co\/qcccQ4vdxG\" rel=\"nofollow\">pic.twitter.com\/qcccQ4vdxG<\/a>&#13;<br \/>\n\u2014 RMC Sport (@RMCsport) <a href=\"https:\/\/x.com\/RMCsport\/status\/2066960538882507170?ref_src=twsrc%5Etfw\" rel=\"nofollow\">June 16, 2026<\/a><\/p>\n<\/blockquote>\n<p>Prantsusmaa v\u00e4ravavaht pidi taevast t\u00e4nama ka vahetult enne esimest joogipausi, kui Nicolas Jacksoni l\u00f6\u00f6k posti kaudu vastu tema jalga p\u00f5rkas ning seej\u00e4rel \u00f5nnelikult v\u00e4ravast m\u00f6\u00f6da suundus.<\/p>\n<p>Varjus | T\u00e4hed avapoolajal. Prantsusmaa t\u00e4htedest kubisev koosseis\u00a0on muljetavaldav igas osas, aga eriti veel r\u00fcnnakul, kus PSG-ga Meistrite liiga v\u00f5itnud Ousmane Dembele ja Desire Doue v\u00f5tsid kohad sisse koos Michael Olise (Bayern) ja Kylian Mbappega (Real Madrid). Nende nelja kombineeritud turuv\u00e4\u00e4rtus on Transfermarkti hinnangul kosmiline 550 miljonit eurot (Mbappe 180, Olise 150, Doue 120 ja Dembele 100 miljonit).&#13;\n<\/p>\n<p>Uhketest hinnalipikutest oli aga v\u00e4he kasu, kui Prantsusmaa j\u00f5udis avapoolaja jooksul ainult \u00fche korra pealel\u00f6\u00f6gile ning sellekski oli Dembele ohutu kaugl\u00f6\u00f6k.&#13;\n<\/p>\n<p>Valmis | Kalidou Koulibaly. Senegali kogenud kapteni ja kaitseliidri vorm oli turniiri eel k\u00fcsim\u00e4rk, sest mees naasis v\u00e4rskelt mitmekuuliselt vigastuspausilt. Endine Napoli ja Chelsea ning praegune Al Hilali keskkaitsja v\u00f5ttis sisse koha p\u00f5hikoosseisus ning aitas Prantsusmaa t\u00e4hti avapoolajal ideaalil\u00e4hedaselt ohjeldada. Teisel poolajal kannatas paraku kogu Senegali m\u00e4ng, mille taga v\u00f5is olla v\u00e4simus, aga ka prantslaste poolt sisse l\u00fclitatud uus k\u00e4ik.&#13;\n<\/p>\n<p>Suur otsus | Mbappe pika ninaga. 58. minutil niitis Sadio Mane suurel kiirusel trahvikasti murdnud Kylian Mbappe, aga austraallasest kohtunik ei hinnanud seda vea v\u00e4\u00e4riliseks. Kordused n\u00e4itasid, et Mane ei puutunud palli ning Mbappe takerdus tema jala taha, nii et kui kohtunik VAR-ekraani juurde kutsuti, siis paistis penalti m\u00e4\u00e4ramine paratamatuna.&#13;\n<\/p>\n<blockquote class=\"twitter-tweet\"><p>&#13;<\/p>\n<p lang=\"en\" dir=\"ltr\">1.00(xPenalty) <a href=\"https:\/\/t.co\/JW1Rw6O4Kw\" rel=\"nofollow\">pic.twitter.com\/JW1Rw6O4Kw<\/a>&#13;<br \/>\n\u2014 The xG Philosophy (@xGPhilosophy) <a href=\"https:\/\/x.com\/xGPhilosophy\/status\/2066981487870660660?ref_src=twsrc%5Etfw\" rel=\"nofollow\">June 16, 2026<\/a><\/p>\n<\/blockquote>\n<p>Alireza Faghani n\u00e4itas aga selgroogu ning otsustas hoopis, et Mbappe otsis selles olukorras ise kontakti, mist\u00f5ttu penaltiks p\u00f5hjust ei olnud. V\u00f5imalik, et (alateadlikult) m\u00f5jutas kohtunikku tema eksimus m\u00e4ngu algusest, kui ta oli Senegalilt hea v\u00e4ravav\u00f5imaluse eba\u00f5iglaselt \u00e4ra v\u00f5tnud.&#13;\n<\/p>\n<p>Rekordijaht | Kylian Mbappe. Selle duubliga kerkis Mbappe korraga nii Prantsusmaa l\u00e4bi aegade suurimaks v\u00e4ravak\u00fctiks (m\u00f6\u00f6dudes Olivier Giroud&#8217;st) kui ka oma maa suurimaks v\u00e4ravak\u00fctiks MM-idel (m\u00f6\u00f6dudes Just Fontainist). \u00dchtekokku on tal n\u00fc\u00fcd 58 koondisev\u00e4ravat, millest 14 on s\u00fcndinud MM-idel.&#13;\n<\/p>\n<blockquote class=\"twitter-tweet\"><p>&#13;<\/p>\n<p lang=\"fr\" dir=\"ltr\">58&amp;14 &#8211; Kylian Mbapp\u00e9 a d\u00e9pass\u00e9 Olivier Giroud (57) comme meilleur buteur de l\u2019histoire de l\u2019\u00e9quipe de France, ainsi que Just Fontaine (13) comme meilleur buteur fran\u00e7ais en Coupe du Monde. <\/p>\n<p>Recordman. <a href=\"https:\/\/t.co\/Ha49XtaNOE\" rel=\"nofollow\">https:\/\/t.co\/Ha49XtaNOE<\/a>&#13;<br \/>\n\u2014 OptaJean (@OptaJean) <a href=\"https:\/\/x.com\/OptaJean\/status\/2066989940580237661?ref_src=twsrc%5Etfw\" rel=\"nofollow\">June 16, 2026<\/a><\/p>\n<\/blockquote>\n<p>Kui ta j\u00e4tkab samas vaimus, siis saab Mbappest k\u00f5igest 27-aastaselt MM-finaalturniiride ajaloo suurim v\u00e4ravak\u00fctt. Hetkel jagab ta kolmandat kohta Gerd M\u00fclleriga, \u00fcks v\u00e4rav rohkem on kirjas Brasiilia Ronaldol ning rekordit hoiab 16 tabamusega enda k\u00e4es Miroslav Klose.\u00a0&#13;\n<\/p>\n<p>Staar | Michael Olise. Skoorilehte kaunistab l\u00f5puks Kylian Mbappe nimi, kuid peamiseks Prantsusmaa k\u00e4imat\u00f5mbajaks teisel poolajal oli Olise, kes tekitas j\u00e4rgem\u00f6\u00f6da kolm-neli v\u00e4ga head v\u00e4ravav\u00f5imalust.&#13;\n<\/p>\n<p>                      <script async src=\"https:\/\/platform.twitter.com\/widgets.js\" charset=\"utf-8\"><\/script><\/p>\n","protected":false},"excerpt":{"rendered":"&#13; 24 aastat tagasi MM-finaalturniiri kaotusega Senegalile alustanud Prantsusmaa k\u00e4ivitus sama vastasega kohtudes kehvasti ka seekord, kuid teisel&hellip;\n","protected":false},"author":2,"featured_media":205828,"comment_status":"","ping_status":"","sticky":false,"template":"","format":"standard","meta":{"footnotes":"","_share_on_mastodon":"0"},"categories":[5],"tags":[26,27,37,33,35,34,36,31,32,21,5947,28,29,5112,699,24425,6890,19,12828,25,52,10384,23,24,22,698,20,30],"class_list":["post-205827","post","type-post","status-publish","format-standard","has-post-thumbnail","category-uldised-uudised","tag-breaking-news","tag-breakingnews","tag-ee","tag-eesti","tag-eesti-keel","tag-estonia","tag-estonian","tag-featured-news","tag-featurednews","tag-headlines","tag-kylian-mbappe","tag-latest-news","tag-latestnews","tag-mbappe","tag-memo","tag-michael-olise","tag-mm2026","tag-news","tag-olise","tag-populaarseimad-lood","tag-prantsusmaa","tag-senegal","tag-top-stories","tag-topstories","tag-uldised-uudised","tag-ulevaade","tag-uudised","tag-viimased-uudised"],"share_on_mastodon":{"url":"https:\/\/pubeurope.com\/@ee\/116761960616416192","error":""},"_links":{"self":[{"href":"https:\/\/www.europesays.com\/ee\/wp-json\/wp\/v2\/posts\/205827","targetHints":{"allow":["GET"]}}],"collection":[{"href":"https:\/\/www.europesays.com\/ee\/wp-json\/wp\/v2\/posts"}],"about":[{"href":"https:\/\/www.europesays.com\/ee\/wp-json\/wp\/v2\/types\/post"}],"author":[{"embeddable":true,"href":"https:\/\/www.europesays.com\/ee\/wp-json\/wp\/v2\/users\/2"}],"replies":[{"embeddable":true,"href":"https:\/\/www.europesays.com\/ee\/wp-json\/wp\/v2\/comments?post=205827"}],"version-history":[{"count":0,"href":"https:\/\/www.europesays.com\/ee\/wp-json\/wp\/v2\/posts\/205827\/revisions"}],"wp:featuredmedia":[{"embeddable":true,"href":"https:\/\/www.europesays.com\/ee\/wp-json\/wp\/v2\/media\/205828"}],"wp:attachment":[{"href":"https:\/\/www.europesays.com\/ee\/wp-json\/wp\/v2\/media?parent=205827"}],"wp:term":[{"taxonomy":"category","embeddable":true,"href":"https:\/\/www.europesays.com\/ee\/wp-json\/wp\/v2\/categories?post=205827"},{"taxonomy":"post_tag","embeddable":true,"href":"https:\/\/www.europesays.com\/ee\/wp-json\/wp\/v2\/tags?post=205827"}],"curies":[{"name":"wp","href":"https:\/\/api.w.org\/{rel}","templated":true}]}}