{"id":205833,"date":"2026-06-16T21:49:10","date_gmt":"2026-06-16T21:49:10","guid":{"rendered":"https:\/\/www.europesays.com\/ee\/205833\/"},"modified":"2026-06-16T21:49:10","modified_gmt":"2026-06-16T21:49:10","slug":"g7-tippkohtumine-%e2%9f%a9-zelenskoi-loodab-surve-suurendamist-venemaale","status":"publish","type":"post","link":"https:\/\/www.europesays.com\/ee\/205833\/","title":{"rendered":"G7 TIPPKOHTUMINE \u27e9 Zelensk\u00f5i loodab surve suurendamist Venemaale"},"content":{"rendered":"<p>Ukraina president Volod\u00f5m\u00f5r Zelensk\u00f5i saabus teisip\u00e4eval Prantsusmaale Genfi j\u00e4rve \u00e4\u00e4rsesse kuurortlinna \u00c9vian-les-Bainsi, kus maailma juhtivate t\u00f6\u00f6stusriikide \u00fchenduse G7 tippkohtumisel on k\u00f5ne all rahup\u00fc\u00fcdlused ja surve suurendamine Venemaale s\u00f5ja l\u00f5petamiseks.<\/p>\n<p>Esmasp\u00e4eval tippkohtumisele saabunud USA president Donald Trump v\u00e4ljendas optimismi: \u00abV\u00f5ib-olla suudame Ukraina heaks midagi \u00e4ra teha\u00bb.<\/p>\n","protected":false},"excerpt":{"rendered":"Ukraina president Volod\u00f5m\u00f5r Zelensk\u00f5i saabus teisip\u00e4eval Prantsusmaale Genfi j\u00e4rve \u00e4\u00e4rsesse kuurortlinna \u00c9vian-les-Bainsi, kus maailma juhtivate t\u00f6\u00f6stusriikide \u00fchenduse G7&hellip;\n","protected":false},"author":2,"featured_media":205834,"comment_status":"","ping_status":"","sticky":false,"template":"","format":"standard","meta":{"footnotes":"","_share_on_mastodon":"0"},"categories":[80],"tags":[587,26,27,37,33,35,34,36,31,32,13528,21,28,29,95,19,25,23,24,262,22,20,96,30,263,92,93,94],"class_list":["post-205833","post","type-post","status-publish","format-standard","has-post-thumbnail","category-maailm","tag-ameerika-uhendriigid","tag-breaking-news","tag-breakingnews","tag-ee","tag-eesti","tag-eesti-keel","tag-estonia","tag-estonian","tag-featured-news","tag-featurednews","tag-g7","tag-headlines","tag-latest-news","tag-latestnews","tag-maailm","tag-news","tag-populaarseimad-lood","tag-top-stories","tag-topstories","tag-ukraina","tag-uldised-uudised","tag-uudised","tag-venemaa","tag-viimased-uudised","tag-volodomor-zelenskoi","tag-world","tag-world-news","tag-worldnews"],"share_on_mastodon":{"url":"https:\/\/pubeurope.com\/@ee\/116761995822590608","error":""},"_links":{"self":[{"href":"https:\/\/www.europesays.com\/ee\/wp-json\/wp\/v2\/posts\/205833","targetHints":{"allow":["GET"]}}],"collection":[{"href":"https:\/\/www.europesays.com\/ee\/wp-json\/wp\/v2\/posts"}],"about":[{"href":"https:\/\/www.europesays.com\/ee\/wp-json\/wp\/v2\/types\/post"}],"author":[{"embeddable":true,"href":"https:\/\/www.europesays.com\/ee\/wp-json\/wp\/v2\/users\/2"}],"replies":[{"embeddable":true,"href":"https:\/\/www.europesays.com\/ee\/wp-json\/wp\/v2\/comments?post=205833"}],"version-history":[{"count":0,"href":"https:\/\/www.europesays.com\/ee\/wp-json\/wp\/v2\/posts\/205833\/revisions"}],"wp:featuredmedia":[{"embeddable":true,"href":"https:\/\/www.europesays.com\/ee\/wp-json\/wp\/v2\/media\/205834"}],"wp:attachment":[{"href":"https:\/\/www.europesays.com\/ee\/wp-json\/wp\/v2\/media?parent=205833"}],"wp:term":[{"taxonomy":"category","embeddable":true,"href":"https:\/\/www.europesays.com\/ee\/wp-json\/wp\/v2\/categories?post=205833"},{"taxonomy":"post_tag","embeddable":true,"href":"https:\/\/www.europesays.com\/ee\/wp-json\/wp\/v2\/tags?post=205833"}],"curies":[{"name":"wp","href":"https:\/\/api.w.org\/{rel}","templated":true}]}}