{"id":205856,"date":"2026-06-16T22:20:16","date_gmt":"2026-06-16T22:20:16","guid":{"rendered":"https:\/\/www.europesays.com\/ee\/205856\/"},"modified":"2026-06-16T22:20:16","modified_gmt":"2026-06-16T22:20:16","slug":"sinjavski-eksklubi-heidetakse-pettuste-tottu-tsehhi-korgliigast-valja-soccernet-ee","status":"publish","type":"post","link":"https:\/\/www.europesays.com\/ee\/205856\/","title":{"rendered":"Sinjavski eksklubi heidetakse pettuste t\u00f5ttu T\u0161ehhi k\u00f5rgliigast v\u00e4lja &#8211; Soccernet.ee"},"content":{"rendered":"<p><img decoding=\"async\" src=\"https:\/\/www.europesays.com\/ee\/wp-content\/uploads\/2026\/06\/1781636030.jpg\" alt=\"Foto: Liisi Troska \/ jalgpall.ee\"\/>&#13;\n<\/p>\n<p>Vlasi Sinjavski esimene v\u00e4lisklubi MFK Karvina sai T\u0161ehhis lahvatanud korruptsiooniskandaaliga pihta. M\u00e4ngutulemustega manipuleerimise eest heideti klubi k\u00f5rgliigast v\u00e4lja, vahendab Sport.cz.<\/p>\n<p>T\u0161ehhi jalgpalliliidu eetikakomisjoni poolt langetatud esialgne otsus kukutas Karvina esiliigasse ning m\u00e4\u00e4ras neile lisaks 10 miljoni krooni (\u00fcle 400 000 euro) suuruse trahvi. Lisaks kaotab klubi suure t\u00f5en\u00e4osusega koha eurosarjas, mille nad karikav\u00f5iduga v\u00e4lja teenisid. Karistus ei ole siiski veel j\u00f5ustunud, klubil on v\u00f5imalus apelleerida.&#13;\n<\/p>\n<p>Eetikakomisjoni teadaande kohaselt on Karvina karistuse taga kolme kohtumise tulemusega manipuleerimine. Pettuse eest vastutavaks peetud toonane klubijuht ja Karvina linnapea Jan Wolf sai 3 miljoni krooni (ligi 125 000 euro) suuruse trahvi ja 12-aastase jalgpallis tegutsemise keelu.&#13;\n<\/p>\n<p>Wolfi s\u00fc\u00fcdistati m\u00e4ngijate ja kohtunike m\u00f5jutamises 2024. aasta kevadel ning s\u00fc\u00fcdim\u00f5istev otsus p\u00f5hines kolmel m\u00e4ngul, mis puudutasid toonast p\u00fcsimaj\u00e4\u00e4misheitlust.<\/p>\n<p>Eesti koondise poolkaitsja Sinjavski oli selleks ajaks ammu Karvinast edasi liikunud. Ta liitus klubiga 2021. aasta alguses Florast, aga m\u00e4ngis seal vaid poolteist hooaega, enne kui ta Slovackosse siirdus ja hiljem T\u0161ehhis veel kaks korda klubi vahetas.&#13;\n<\/p>\n<p>Karvina klubil on viis p\u00e4eva otsuse apelleerimiseks. Kui seda ei tehta, siis otsus j\u00f5ustub ning Praha Dukla j\u00e4\u00e4b t\u00e4nu sellele k\u00f5rgliigasse p\u00fcsima. Kui nii aga ei l\u00e4he ja Karvina l\u00f5puks ikkagi s\u00fc\u00fcdi tunnistatakse, siis m\u00e4ngiks T\u0161ehhi k\u00f5rgliigas uuel hooajal ilmselt 16 klubi asemel 15 klubi.&#13;\n<\/p>\n<p>Karvina ei ole sugugi ainus klubi, mis sel kevadel T\u0161ehhi jalgpallis lahvatanud korruptsionaaliskandaali v\u00f5rku sattus. Eetikakomisjon karistas lisaks Karvinale ja Wolfile v\u00e4rskelt ka viit T\u0161ehhi jalgpallurit m\u00e4ngukeeldude ja rahatrahvidega. M\u00e4rtsi l\u00f5pus esitati s\u00fc\u00fcdistus 32 inimesele ning eetikakomitee avas \u00fchtekokku 47 distsiplinaarmenetlust.<\/p>\n","protected":false},"excerpt":{"rendered":"&#13; Vlasi Sinjavski esimene v\u00e4lisklubi MFK Karvina sai T\u0161ehhis lahvatanud korruptsiooniskandaaliga pihta. M\u00e4ngutulemustega manipuleerimise eest heideti klubi k\u00f5rgliigast&hellip;\n","protected":false},"author":2,"featured_media":205857,"comment_status":"","ping_status":"","sticky":false,"template":"","format":"standard","meta":{"footnotes":"","_share_on_mastodon":"0"},"categories":[18],"tags":[37,33,35,34,36,84444,9689,19868,4097,1731,159,158,116,1733],"class_list":["post-205856","post","type-post","status-publish","format-standard","has-post-thumbnail","category-sport","tag-ee","tag-eesti","tag-eesti-keel","tag-estonia","tag-estonian","tag-jan-wolf","tag-karvina","tag-kokkuleppemangud","tag-korruptsioon","tag-sinjavski","tag-sport","tag-sports","tag-tsehhi","tag-vlasi-sinjavski"],"share_on_mastodon":{"url":"https:\/\/pubeurope.com\/@ee\/116762117977114374","error":""},"_links":{"self":[{"href":"https:\/\/www.europesays.com\/ee\/wp-json\/wp\/v2\/posts\/205856","targetHints":{"allow":["GET"]}}],"collection":[{"href":"https:\/\/www.europesays.com\/ee\/wp-json\/wp\/v2\/posts"}],"about":[{"href":"https:\/\/www.europesays.com\/ee\/wp-json\/wp\/v2\/types\/post"}],"author":[{"embeddable":true,"href":"https:\/\/www.europesays.com\/ee\/wp-json\/wp\/v2\/users\/2"}],"replies":[{"embeddable":true,"href":"https:\/\/www.europesays.com\/ee\/wp-json\/wp\/v2\/comments?post=205856"}],"version-history":[{"count":0,"href":"https:\/\/www.europesays.com\/ee\/wp-json\/wp\/v2\/posts\/205856\/revisions"}],"wp:featuredmedia":[{"embeddable":true,"href":"https:\/\/www.europesays.com\/ee\/wp-json\/wp\/v2\/media\/205857"}],"wp:attachment":[{"href":"https:\/\/www.europesays.com\/ee\/wp-json\/wp\/v2\/media?parent=205856"}],"wp:term":[{"taxonomy":"category","embeddable":true,"href":"https:\/\/www.europesays.com\/ee\/wp-json\/wp\/v2\/categories?post=205856"},{"taxonomy":"post_tag","embeddable":true,"href":"https:\/\/www.europesays.com\/ee\/wp-json\/wp\/v2\/tags?post=205856"}],"curies":[{"name":"wp","href":"https:\/\/api.w.org\/{rel}","templated":true}]}}