{"id":206079,"date":"2026-06-17T06:07:11","date_gmt":"2026-06-17T06:07:11","guid":{"rendered":"https:\/\/www.europesays.com\/ee\/206079\/"},"modified":"2026-06-17T06:07:11","modified_gmt":"2026-06-17T06:07:11","slug":"iraan-soja-lopetamise-kokkulepe-usa-ga-nouab-iisraeli-lahkumist-liibanonist","status":"publish","type":"post","link":"https:\/\/www.europesays.com\/ee\/206079\/","title":{"rendered":"Iraan: s\u00f5ja l\u00f5petamise kokkulepe USA-ga n\u00f5uab Iisraeli lahkumist Liibanonist"},"content":{"rendered":"<p>Tegemist on tingimusega, mille Iisrael on juba tagasi l\u00fckanud, mis omakorda v\u00f5ib leppe nurjata ja viia t\u00e4iemahulise s\u00f5ja j\u00e4tkumiseni.<\/p>\n<p>Kuigi USA ja Iraani vahelise kokkuleppe t\u00e4pset sisu pole avalikustatud ning ametnike kommentaarid on kohati vastuolulised, on Iisrael konflikti osaline. <\/p>\n<p>Riik \u00fchines veebruari l\u00f5pus USA-ga Iraani-vastastes r\u00fcnnakutes, on v\u00f5idelnud Liibanonis Iraani toetatud r\u00fchmitusega <a rel=\"noopener nofollow\" target=\"_blank\" href=\"https:\/\/www.delfi.ee\/teema\/96857673\/hezbollah-1\" tag-id=\"96857673\">Hezbollah<\/a> ning vallutanud sealsed ulatuslikud alad. <\/p>\n<p>Iraani v\u00e4lisminister Abbas Araghchi r\u00f5hutas, et L\u00f5una-Liibanoni okupeerimise j\u00e4tkamine rikub lepet ja ilma v\u00e4gede v\u00e4ljaviimiseta ei saa s\u00f5da pidada t\u00e4ielikult l\u00f5ppenuks.<\/p>\n<p>Seevastu leppe p\u00f5hijooni anon\u00fc\u00fcmselt selgitanud USA ametniku s\u00f5nul ei n\u00f5ua leping Iisraeli lahkumist. Ka Iisraeli peaminister <a rel=\"noopener nofollow\" target=\"_blank\" href=\"https:\/\/www.delfi.ee\/teema\/34675697\/benjamin-netanyahu\" tag-id=\"34675697\">Benjamin Netanyahu<\/a> kinnitas, et v\u00e4ed j\u00e4\u00e4vad Liibanonile \u201enii kauaks kui vaja\u201c. <\/p>\n<p>Sarnased lahkarvamused on s\u00f5ja l\u00f5petamise k\u00f5nelusi varemgi pidurdanud, j\u00e4ttes tulemuseks vaid hapra relvarahu ja hoides maailma energiavarustusele kriitilist Hormuzi v\u00e4ina sisuliselt suletuna.<\/p>\n<p>Iraani n\u00f5ue muudab olukorra Iisraeli jaoks keeruliseks, sest riik p\u00fc\u00fcab purustada Hezbollah\u2019 s\u00f5jalist v\u00f5imekust, soovimata samas ohustada lepet, mida toetab tema t\u00e4htsaim liitlane USA. Iisraeli r\u00fcnnakud on praeguseks n\u00f5rgestanud Hezbollah\u2019d, kuid r\u00fchmitus suudab endiselt Iisraeli r\u00fcnnata, mis seab kahtluse alla operatsiooni senise t\u00f5hususe. <\/p>\n<p>Liibanonis on r\u00fcnnakutes hukkunud ligi 4000 inimest, sealhulgas sadu tsiviilisikuid, ning \u00fcle miljoni inimese on pidanud kodudest p\u00f5genema. Iisraeli suursaadik USA-ks Yechiel Leiter nentis, et kuigi Iisrael ei tea tehingu k\u00f5iki \u00fcksikasju, on Liibanoni kaasamine sellesse \u201emittevajalik ja kasutu\u201c.<\/p>\n<p>Konflikti ulatus on tekitanud avalikke erimeelsusi ka USA-s. President <a rel=\"noopener nofollow\" target=\"_blank\" href=\"https:\/\/www.delfi.ee\/teema\/32758637\/donald-trump\" tag-id=\"32758637\">Donald Trump<\/a> v\u00e4ljendas teisip\u00e4eval rahulolematust Iisraeli strateegiaga, m\u00e4rkides, et see kestab igavesti ning et Iisrael on v\u00f5idelnud Hezbollah\u2019ga liiga kaua, n\u00f5udes liiga palju ohvreid.<\/p>\n<p>Kuidas see lugu Sind end tundma pani? Saada <a href=\"https:\/\/www.delfi.ee\/artikkel\/120591455\/iraan-soja-lopetamise-kokkulepe-usa-ga-nouab-iisraeli-lahkumist-liibanonist\/kommentaarid\" class=\"article-body-bottom__comment article-body-bottom__comment--write button button--primary button--size-auto\" rel=\"nofollow noopener\" target=\"_blank\"> Kommenteeri <\/a><a href=\"https:\/\/www.delfi.ee\/artikkel\/120591455\/iraan-soja-lopetamise-kokkulepe-usa-ga-nouab-iisraeli-lahkumist-liibanonist\/kommentaarid\" class=\"article-body-bottom__comment article-body-bottom__comment--read button button--size-auto\" rel=\"nofollow noopener\" target=\"_blank\"> Loe kommentaare (4)<\/a><\/p>\n","protected":false},"excerpt":{"rendered":"Tegemist on tingimusega, mille Iisrael on juba tagasi l\u00fckanud, mis omakorda v\u00f5ib leppe nurjata ja viia t\u00e4iemahulise s\u00f5ja&hellip;\n","protected":false},"author":2,"featured_media":206080,"comment_status":"","ping_status":"","sticky":false,"template":"","format":"standard","meta":{"footnotes":"","_share_on_mastodon":"0"},"categories":[80],"tags":[587,621,26,27,324,37,33,35,34,36,31,32,21,969,619,1925,28,29,968,95,19,25,23,24,22,20,30,92,93,94],"class_list":["post-206079","post","type-post","status-publish","format-standard","has-post-thumbnail","category-maailm","tag-ameerika-uhendriigid","tag-benjamin-netanyahu","tag-breaking-news","tag-breakingnews","tag-donald-trump","tag-ee","tag-eesti","tag-eesti-keel","tag-estonia","tag-estonian","tag-featured-news","tag-featurednews","tag-headlines","tag-hezbollah","tag-iisrael","tag-iraan","tag-latest-news","tag-latestnews","tag-liibanon","tag-maailm","tag-news","tag-populaarseimad-lood","tag-top-stories","tag-topstories","tag-uldised-uudised","tag-uudised","tag-viimased-uudised","tag-world","tag-world-news","tag-worldnews"],"share_on_mastodon":{"url":"https:\/\/pubeurope.com\/@ee\/116763954167274423","error":""},"_links":{"self":[{"href":"https:\/\/www.europesays.com\/ee\/wp-json\/wp\/v2\/posts\/206079","targetHints":{"allow":["GET"]}}],"collection":[{"href":"https:\/\/www.europesays.com\/ee\/wp-json\/wp\/v2\/posts"}],"about":[{"href":"https:\/\/www.europesays.com\/ee\/wp-json\/wp\/v2\/types\/post"}],"author":[{"embeddable":true,"href":"https:\/\/www.europesays.com\/ee\/wp-json\/wp\/v2\/users\/2"}],"replies":[{"embeddable":true,"href":"https:\/\/www.europesays.com\/ee\/wp-json\/wp\/v2\/comments?post=206079"}],"version-history":[{"count":0,"href":"https:\/\/www.europesays.com\/ee\/wp-json\/wp\/v2\/posts\/206079\/revisions"}],"wp:featuredmedia":[{"embeddable":true,"href":"https:\/\/www.europesays.com\/ee\/wp-json\/wp\/v2\/media\/206080"}],"wp:attachment":[{"href":"https:\/\/www.europesays.com\/ee\/wp-json\/wp\/v2\/media?parent=206079"}],"wp:term":[{"taxonomy":"category","embeddable":true,"href":"https:\/\/www.europesays.com\/ee\/wp-json\/wp\/v2\/categories?post=206079"},{"taxonomy":"post_tag","embeddable":true,"href":"https:\/\/www.europesays.com\/ee\/wp-json\/wp\/v2\/tags?post=206079"}],"curies":[{"name":"wp","href":"https:\/\/api.w.org\/{rel}","templated":true}]}}