{"id":206089,"date":"2026-06-17T06:19:07","date_gmt":"2026-06-17T06:19:07","guid":{"rendered":"https:\/\/www.europesays.com\/ee\/206089\/"},"modified":"2026-06-17T06:19:07","modified_gmt":"2026-06-17T06:19:07","slug":"politseimaja-planeering-jouab-avalikustamisele-aga-kas-politseimaja-annelinna-uldse-tuleb","status":"publish","type":"post","link":"https:\/\/www.europesays.com\/ee\/206089\/","title":{"rendered":"Politseimaja planeering j\u00f5uab avalikustamisele, aga kas politseimaja Annelinna \u00fcldse tuleb?"},"content":{"rendered":"<p class=\"MsoNormal\">Seal, kus Annelinnas Kalda teel on praegu p\u00fcsti tivoli, hakkab tulevikus kerkima Tartu uus politseimaja, millest alustavad politseimasinad alarms\u00f5ite v\u00e4ljakutsetele. Kas ei v\u00f5i see endas k\u00e4tkeda liiklusohte ja h\u00e4irida \u00f6\u00f6und?<\/p>\n<p class=\"MsoNormal\">See oli \u00fcks aspekt Kalda 5 ja Kalda 11 detailplaneeringu puhul, mis tegi murelikuks n\u00e4iteks linnavolikogu liikme Toomas Kapi (RE).<\/p>\n","protected":false},"excerpt":{"rendered":"Seal, kus Annelinnas Kalda teel on praegu p\u00fcsti tivoli, hakkab tulevikus kerkima Tartu uus politseimaja, millest alustavad politseimasinad&hellip;\n","protected":false},"author":2,"featured_media":206090,"comment_status":"","ping_status":"","sticky":false,"template":"","format":"standard","meta":{"footnotes":"","_share_on_mastodon":"0"},"categories":[12],"tags":[4843,26,27,37,33,35,591,34,36,31,32,21,28,29,3448,19,25,249,1802,23,24,4842,22,293,20,30],"class_list":["post-206089","post","type-post","status-publish","format-standard","has-post-thumbnail","category-eesti","tag-annelinn","tag-breaking-news","tag-breakingnews","tag-ee","tag-eesti","tag-eesti-keel","tag-emajogi","tag-estonia","tag-estonian","tag-featured-news","tag-featurednews","tag-headlines","tag-latest-news","tag-latestnews","tag-maaulikool","tag-news","tag-populaarseimad-lood","tag-tartu","tag-tartumaa","tag-top-stories","tag-topstories","tag-tu","tag-uldised-uudised","tag-ulikool","tag-uudised","tag-viimased-uudised"],"share_on_mastodon":{"url":"","error":""},"_links":{"self":[{"href":"https:\/\/www.europesays.com\/ee\/wp-json\/wp\/v2\/posts\/206089","targetHints":{"allow":["GET"]}}],"collection":[{"href":"https:\/\/www.europesays.com\/ee\/wp-json\/wp\/v2\/posts"}],"about":[{"href":"https:\/\/www.europesays.com\/ee\/wp-json\/wp\/v2\/types\/post"}],"author":[{"embeddable":true,"href":"https:\/\/www.europesays.com\/ee\/wp-json\/wp\/v2\/users\/2"}],"replies":[{"embeddable":true,"href":"https:\/\/www.europesays.com\/ee\/wp-json\/wp\/v2\/comments?post=206089"}],"version-history":[{"count":0,"href":"https:\/\/www.europesays.com\/ee\/wp-json\/wp\/v2\/posts\/206089\/revisions"}],"wp:featuredmedia":[{"embeddable":true,"href":"https:\/\/www.europesays.com\/ee\/wp-json\/wp\/v2\/media\/206090"}],"wp:attachment":[{"href":"https:\/\/www.europesays.com\/ee\/wp-json\/wp\/v2\/media?parent=206089"}],"wp:term":[{"taxonomy":"category","embeddable":true,"href":"https:\/\/www.europesays.com\/ee\/wp-json\/wp\/v2\/categories?post=206089"},{"taxonomy":"post_tag","embeddable":true,"href":"https:\/\/www.europesays.com\/ee\/wp-json\/wp\/v2\/tags?post=206089"}],"curies":[{"name":"wp","href":"https:\/\/api.w.org\/{rel}","templated":true}]}}