{"id":206317,"date":"2026-06-17T10:33:15","date_gmt":"2026-06-17T10:33:15","guid":{"rendered":"https:\/\/www.europesays.com\/ee\/206317\/"},"modified":"2026-06-17T10:33:15","modified_gmt":"2026-06-17T10:33:15","slug":"g7-juhid-kaaluvad-ukrainale-litsentsi-andmist-puudurrakettide-tootmiseks","status":"publish","type":"post","link":"https:\/\/www.europesays.com\/ee\/206317\/","title":{"rendered":"G7 juhid kaaluvad Ukrainale litsentsi andmist p\u00fc\u00fcdurrakettide tootmiseks"},"content":{"rendered":"<p>Lisaks relvatarnetele leppisid riigid kokku Ukraina energiaturvalisuse toetamises enne eelseisvat talve. \u00dchtlasi plaanib G7 laiendada sanktsioone Venemaa nafta- ja gaasisektorile, et piirata sealse s\u00f5jamajanduse rahastamist, teatab Ukrainski Pravda. <\/p>\n<p>Ukraina president <a rel=\"noopener nofollow\" target=\"_blank\" href=\"https:\/\/www.delfi.ee\/teema\/85745477\/volodomor-zelenskoi\" tag-id=\"85745477\">Volod\u00f5m\u00f5r Zelensk\u00f5i<\/a> on juba varem p\u00f6\u00f6rdunud USA poole, et saada litsentse \u00f5hut\u00f5rjes\u00fcsteemide Patriot tootmiseks. Venemaa ballistiliste r\u00fcnnakute t\u00f5ttu on Ukrainal puudus t\u00f5rjerakettidest, samal ajal kui USA tootmisv\u00f5imsus ei suuda praegu \u00fclemaailmset n\u00f5udlust katta. <\/p>\n<p>Juuni alguses m\u00e4rkis Zelensk\u00f5i, et Ukraina teeb Euroopa ja Ameerika partneritega koost\u00f6\u00f6d, et k\u00e4ivitada raketit\u00f5rjes\u00fcsteemide tootmine ka Euroopa riikides.<\/p>\n<p>Teemat arutati pikemalt 16. juunil toimunud G7 tippkohtumisel, kus Zelensk\u00f5i pidas kahepoolse kohtumise USA presidendi Donald Trumpiga. <\/p>\n<p>Ukraina riigipea tegi Trumpile ettepaneku anda Ukrainale litsentsid Ameerika raketit\u00f5rjes\u00fcsteemide ja p\u00fc\u00fcdurrakettide, eriti just Patrioti, tootmiseks Ukrainas. <\/p>\n<p>Zelensk\u00f5i s\u00f5nul suhtus Trump ettepanekusse positiivselt ning m\u00f5lema riigi meeskonnad alustavad k\u00fcsimusega tegelemist.<\/p>\n<p>Kuidas see lugu Sind end tundma pani? Saada <a href=\"https:\/\/www.delfi.ee\/artikkel\/120591441\/g7-juhid-kaaluvad-ukrainale-litsentsi-andmist-pealtkuulamisrakettide-tootmiseks\/kommentaarid\" class=\"article-body-bottom__comment article-body-bottom__comment--write button button--primary button--size-auto\" rel=\"nofollow noopener\" target=\"_blank\"> Kommenteeri <\/a><a href=\"https:\/\/www.delfi.ee\/artikkel\/120591441\/g7-juhid-kaaluvad-ukrainale-litsentsi-andmist-pealtkuulamisrakettide-tootmiseks\/kommentaarid\" class=\"article-body-bottom__comment article-body-bottom__comment--read button button--size-auto\" rel=\"nofollow noopener\" target=\"_blank\"> Loe kommentaare (40)<\/a><\/p>\n","protected":false},"excerpt":{"rendered":"Lisaks relvatarnetele leppisid riigid kokku Ukraina energiaturvalisuse toetamises enne eelseisvat talve. \u00dchtlasi plaanib G7 laiendada sanktsioone Venemaa nafta-&hellip;\n","protected":false},"author":2,"featured_media":206318,"comment_status":"","ping_status":"","sticky":false,"template":"","format":"standard","meta":{"footnotes":"","_share_on_mastodon":"0"},"categories":[5],"tags":[26,27,37,33,35,34,36,31,32,13528,21,28,29,19,2803,25,107,23,24,22,20,30,263],"class_list":["post-206317","post","type-post","status-publish","format-standard","has-post-thumbnail","category-uldised-uudised","tag-breaking-news","tag-breakingnews","tag-ee","tag-eesti","tag-eesti-keel","tag-estonia","tag-estonian","tag-featured-news","tag-featurednews","tag-g7","tag-headlines","tag-latest-news","tag-latestnews","tag-news","tag-ohutorje","tag-populaarseimad-lood","tag-soda-ukrainas","tag-top-stories","tag-topstories","tag-uldised-uudised","tag-uudised","tag-viimased-uudised","tag-volodomor-zelenskoi"],"share_on_mastodon":{"url":"https:\/\/pubeurope.com\/@ee\/116765000096609252","error":""},"_links":{"self":[{"href":"https:\/\/www.europesays.com\/ee\/wp-json\/wp\/v2\/posts\/206317","targetHints":{"allow":["GET"]}}],"collection":[{"href":"https:\/\/www.europesays.com\/ee\/wp-json\/wp\/v2\/posts"}],"about":[{"href":"https:\/\/www.europesays.com\/ee\/wp-json\/wp\/v2\/types\/post"}],"author":[{"embeddable":true,"href":"https:\/\/www.europesays.com\/ee\/wp-json\/wp\/v2\/users\/2"}],"replies":[{"embeddable":true,"href":"https:\/\/www.europesays.com\/ee\/wp-json\/wp\/v2\/comments?post=206317"}],"version-history":[{"count":0,"href":"https:\/\/www.europesays.com\/ee\/wp-json\/wp\/v2\/posts\/206317\/revisions"}],"wp:featuredmedia":[{"embeddable":true,"href":"https:\/\/www.europesays.com\/ee\/wp-json\/wp\/v2\/media\/206318"}],"wp:attachment":[{"href":"https:\/\/www.europesays.com\/ee\/wp-json\/wp\/v2\/media?parent=206317"}],"wp:term":[{"taxonomy":"category","embeddable":true,"href":"https:\/\/www.europesays.com\/ee\/wp-json\/wp\/v2\/categories?post=206317"},{"taxonomy":"post_tag","embeddable":true,"href":"https:\/\/www.europesays.com\/ee\/wp-json\/wp\/v2\/tags?post=206317"}],"curies":[{"name":"wp","href":"https:\/\/api.w.org\/{rel}","templated":true}]}}