{"id":206323,"date":"2026-06-17T10:41:11","date_gmt":"2026-06-17T10:41:11","guid":{"rendered":"https:\/\/www.europesays.com\/ee\/206323\/"},"modified":"2026-06-17T10:41:11","modified_gmt":"2026-06-17T10:41:11","slug":"eestlased-jooksevad-spacex-ile-tormi-aktsiaid-on-ostetud-miljonite-eest","status":"publish","type":"post","link":"https:\/\/www.europesays.com\/ee\/206323\/","title":{"rendered":"Eestlased jooksevad SpaceX-ile tormi. Aktsiaid on ostetud miljonite eest"},"content":{"rendered":"<p>\u201eSpaceXi b\u00f6rsile tulek tekitas meie klientide seas erakordselt suurt huvi. V\u00f5ime \u00f6elda, et tegemist on \u00fche k\u00f5ige enam t\u00e4helepanu saanud ja suurimat kauplemisaktiivsust n\u00e4idanud v\u00e4lisaktsia <a rel=\"noopener nofollow\" target=\"_blank\" href=\"https:\/\/www.delfi.ee\/teema\/96864702\/ipo-1\" tag-id=\"96864702\">IPO<\/a>-ga, mida oleme oma kauplemisajaloos n\u00e4inud,\u201c s\u00f5nas <a rel=\"noopener nofollow\" target=\"_blank\" href=\"https:\/\/www.delfi.ee\/teema\/24818697\/swedbank\" tag-id=\"24818697\">Swedbanki<\/a> finantstoodete m\u00fc\u00fcgi vanemspetsialist Rainer Saad. <\/p>\n<p>Huvi ulatub Saadi s\u00f5nul nii kogenud investorite kui ka t\u00e4iesti uute turuosalisteni. \u201eSpaceX \u00fchendab endas mitu investorite jaoks atraktiivset teemat \u2013 kosmoset\u00f6\u00f6stuse kasvu, tehisintellekti, satelliitside ning Elon Muski kui ettev\u00f5tja isiku. Lisaks oli tegemist ajaloolise b\u00f6rsile tulekuga, mida saatis \u00fclemaailmne meediat\u00e4helepanu. N\u00e4eme, et <a rel=\"noopener nofollow\" target=\"_blank\" href=\"https:\/\/www.delfi.ee\/teema\/96856501\/investorid-1\" tag-id=\"96856501\">investorid<\/a> otsivad j\u00e4tkuvalt ettev\u00f5tteid, millel on tugev kasvulugu ja ambitsioonikas tulevikun\u00e4gemus. SpaceX sobitus sellesse narratiivi v\u00e4ga h\u00e4sti ning seet\u00f5ttu oli huvi erakordselt suur nii enne kauplemise algust kui ka esimestel kauplemisp\u00e4evadel.\u201c <\/p>\n<p>Oled juba tellija?Logi sisse<\/p>\n<p><a href=\"https:\/\/arileht.delfi.ee\/a\/120591481\/eestlased-jooksevad-spacex-ile-tormi-aktsiaid-on-ostetud-miljonite-eest\/kommentaarid\" class=\"article-body-bottom__comment article-body-bottom__comment--write button button--primary button--size-auto\" rel=\"nofollow noopener\" target=\"_blank\"> Kommenteeri <\/a><a href=\"https:\/\/arileht.delfi.ee\/a\/120591481\/eestlased-jooksevad-spacex-ile-tormi-aktsiaid-on-ostetud-miljonite-eest\/kommentaarid\" class=\"article-body-bottom__comment article-body-bottom__comment--read button button--size-auto\" rel=\"nofollow noopener\" target=\"_blank\"> Loe kommentaare (16)<\/a><\/p>\n","protected":false},"excerpt":{"rendered":"\u201eSpaceXi b\u00f6rsile tulek tekitas meie klientide seas erakordselt suurt huvi. V\u00f5ime \u00f6elda, et tegemist on \u00fche k\u00f5ige enam&hellip;\n","protected":false},"author":2,"featured_media":206324,"comment_status":"","ping_status":"","sticky":false,"template":"","format":"standard","meta":{"footnotes":"","_share_on_mastodon":"0"},"categories":[14],"tags":[15685,131,130,37,33,35,846,34,36,8239,19921,10165,28922,2275],"class_list":["post-206323","post","type-post","status-publish","format-standard","has-post-thumbnail","category-ari","tag-aktsiaturg","tag-ari","tag-business","tag-ee","tag-eesti","tag-eesti-keel","tag-elon-musk","tag-estonia","tag-estonian","tag-investorid","tag-ipo","tag-lightyear","tag-spacex","tag-swedbank"],"share_on_mastodon":{"url":"https:\/\/pubeurope.com\/@ee\/116765031668933572","error":""},"_links":{"self":[{"href":"https:\/\/www.europesays.com\/ee\/wp-json\/wp\/v2\/posts\/206323","targetHints":{"allow":["GET"]}}],"collection":[{"href":"https:\/\/www.europesays.com\/ee\/wp-json\/wp\/v2\/posts"}],"about":[{"href":"https:\/\/www.europesays.com\/ee\/wp-json\/wp\/v2\/types\/post"}],"author":[{"embeddable":true,"href":"https:\/\/www.europesays.com\/ee\/wp-json\/wp\/v2\/users\/2"}],"replies":[{"embeddable":true,"href":"https:\/\/www.europesays.com\/ee\/wp-json\/wp\/v2\/comments?post=206323"}],"version-history":[{"count":0,"href":"https:\/\/www.europesays.com\/ee\/wp-json\/wp\/v2\/posts\/206323\/revisions"}],"wp:featuredmedia":[{"embeddable":true,"href":"https:\/\/www.europesays.com\/ee\/wp-json\/wp\/v2\/media\/206324"}],"wp:attachment":[{"href":"https:\/\/www.europesays.com\/ee\/wp-json\/wp\/v2\/media?parent=206323"}],"wp:term":[{"taxonomy":"category","embeddable":true,"href":"https:\/\/www.europesays.com\/ee\/wp-json\/wp\/v2\/categories?post=206323"},{"taxonomy":"post_tag","embeddable":true,"href":"https:\/\/www.europesays.com\/ee\/wp-json\/wp\/v2\/tags?post=206323"}],"curies":[{"name":"wp","href":"https:\/\/api.w.org\/{rel}","templated":true}]}}