{"id":206357,"date":"2026-06-17T11:17:11","date_gmt":"2026-06-17T11:17:11","guid":{"rendered":"https:\/\/www.europesays.com\/ee\/206357\/"},"modified":"2026-06-17T11:17:11","modified_gmt":"2026-06-17T11:17:11","slug":"fotod-%e2%9f%a9-ukse-taga-kolistasid-karupojad-keda-on-juba-varem-metsa-tagasi-viidud","status":"publish","type":"post","link":"https:\/\/www.europesays.com\/ee\/206357\/","title":{"rendered":"FOTOD \u27e9 Ukse taga kolistasid karupojad, keda on juba varem metsa tagasi viidud"},"content":{"rendered":"<p>Kambja vallas Sirvaku k\u00fclas l\u00f5huvad maja ukse taga kaks karupoega, teatati teisip\u00e4eval kella kahe ajal p\u00e4eval h\u00e4irekeskusele. Tegemist oli samade loomalastega, kelle keskkonnaameti t\u00f6\u00f6tajad m\u00f5ni p\u00e4ev tagasi Tartu l\u00e4histelt Aardla k\u00fclast metsa viisid.<\/p>\n<p class=\"MsoNormal\">Keskkonnaameti t\u00f6\u00f6tajatel ei olnud teisip\u00e4eval v\u00f5imalik s\u00fcndmuskohale minna ning p\u00e4\u00e4stjatel paluti mesik\u00e4pad kinni p\u00fc\u00fcda.<\/p>\n","protected":false},"excerpt":{"rendered":"Kambja vallas Sirvaku k\u00fclas l\u00f5huvad maja ukse taga kaks karupoega, teatati teisip\u00e4eval kella kahe ajal p\u00e4eval h\u00e4irekeskusele. Tegemist&hellip;\n","protected":false},"author":2,"featured_media":206358,"comment_status":"","ping_status":"","sticky":false,"template":"","format":"standard","meta":{"footnotes":"","_share_on_mastodon":"0"},"categories":[5],"tags":[4843,26,27,37,33,35,591,34,36,31,32,21,28,29,3448,19,25,249,1802,23,24,4842,22,293,20,30],"class_list":["post-206357","post","type-post","status-publish","format-standard","has-post-thumbnail","category-uldised-uudised","tag-annelinn","tag-breaking-news","tag-breakingnews","tag-ee","tag-eesti","tag-eesti-keel","tag-emajogi","tag-estonia","tag-estonian","tag-featured-news","tag-featurednews","tag-headlines","tag-latest-news","tag-latestnews","tag-maaulikool","tag-news","tag-populaarseimad-lood","tag-tartu","tag-tartumaa","tag-top-stories","tag-topstories","tag-tu","tag-uldised-uudised","tag-ulikool","tag-uudised","tag-viimased-uudised"],"share_on_mastodon":{"url":"","error":""},"_links":{"self":[{"href":"https:\/\/www.europesays.com\/ee\/wp-json\/wp\/v2\/posts\/206357","targetHints":{"allow":["GET"]}}],"collection":[{"href":"https:\/\/www.europesays.com\/ee\/wp-json\/wp\/v2\/posts"}],"about":[{"href":"https:\/\/www.europesays.com\/ee\/wp-json\/wp\/v2\/types\/post"}],"author":[{"embeddable":true,"href":"https:\/\/www.europesays.com\/ee\/wp-json\/wp\/v2\/users\/2"}],"replies":[{"embeddable":true,"href":"https:\/\/www.europesays.com\/ee\/wp-json\/wp\/v2\/comments?post=206357"}],"version-history":[{"count":0,"href":"https:\/\/www.europesays.com\/ee\/wp-json\/wp\/v2\/posts\/206357\/revisions"}],"wp:featuredmedia":[{"embeddable":true,"href":"https:\/\/www.europesays.com\/ee\/wp-json\/wp\/v2\/media\/206358"}],"wp:attachment":[{"href":"https:\/\/www.europesays.com\/ee\/wp-json\/wp\/v2\/media?parent=206357"}],"wp:term":[{"taxonomy":"category","embeddable":true,"href":"https:\/\/www.europesays.com\/ee\/wp-json\/wp\/v2\/categories?post=206357"},{"taxonomy":"post_tag","embeddable":true,"href":"https:\/\/www.europesays.com\/ee\/wp-json\/wp\/v2\/tags?post=206357"}],"curies":[{"name":"wp","href":"https:\/\/api.w.org\/{rel}","templated":true}]}}