{"id":206402,"date":"2026-06-17T12:01:08","date_gmt":"2026-06-17T12:01:08","guid":{"rendered":"https:\/\/www.europesays.com\/ee\/206402\/"},"modified":"2026-06-17T12:01:08","modified_gmt":"2026-06-17T12:01:08","slug":"ulevaade-%e2%9f%a9-g7-tippkohtumine-nihutas-ukraina-taas-trumpi-fookusesse","status":"publish","type":"post","link":"https:\/\/www.europesays.com\/ee\/206402\/","title":{"rendered":"\u00dcLEVAADE \u27e9 G7 tippkohtumine nihutas Ukraina taas Trumpi fookusesse"},"content":{"rendered":"<p>P\u00e4rast USA-Iisraeli s\u00f5ja algust Iraani vastu 28. veebruaril oli Ukraina toetamise k\u00fcsimus muutnud Ameerika \u00dchendriikide jaoks teisej\u00e4rguliseks probleemiks ning k\u00f5nelused Vene agressioonis\u00f5ja l\u00f5petamiseks j\u00e4id soiku.<\/p>\n<p>Esmasp\u00e4eval alanud G7 tippkohtumist v\u00f5\u00f5rustanud Prantsusmaa president Emmanuel Macron tegi kindlaks, et aeg on nihutada fookus tagasi Ukrainale, kutsudes \u00c9viani tippkohtumisele erik\u00fclalisena ka Ukraina presidendi Volod\u00f5m\u00f5r Zelensk\u00f5i.<\/p>\n","protected":false},"excerpt":{"rendered":"P\u00e4rast USA-Iisraeli s\u00f5ja algust Iraani vastu 28. veebruaril oli Ukraina toetamise k\u00fcsimus muutnud Ameerika \u00dchendriikide jaoks teisej\u00e4rguliseks probleemiks&hellip;\n","protected":false},"author":2,"featured_media":206403,"comment_status":"","ping_status":"","sticky":false,"template":"","format":"standard","meta":{"footnotes":"","_share_on_mastodon":"0"},"categories":[5],"tags":[587,26,27,324,37,33,35,2194,34,36,31,32,13528,21,28,29,19,25,52,23,24,262,22,20,30,263],"class_list":["post-206402","post","type-post","status-publish","format-standard","has-post-thumbnail","category-uldised-uudised","tag-ameerika-uhendriigid","tag-breaking-news","tag-breakingnews","tag-donald-trump","tag-ee","tag-eesti","tag-eesti-keel","tag-emmanuel-macron","tag-estonia","tag-estonian","tag-featured-news","tag-featurednews","tag-g7","tag-headlines","tag-latest-news","tag-latestnews","tag-news","tag-populaarseimad-lood","tag-prantsusmaa","tag-top-stories","tag-topstories","tag-ukraina","tag-uldised-uudised","tag-uudised","tag-viimased-uudised","tag-volodomor-zelenskoi"],"share_on_mastodon":{"url":"https:\/\/pubeurope.com\/@ee\/116765346079168278","error":""},"_links":{"self":[{"href":"https:\/\/www.europesays.com\/ee\/wp-json\/wp\/v2\/posts\/206402","targetHints":{"allow":["GET"]}}],"collection":[{"href":"https:\/\/www.europesays.com\/ee\/wp-json\/wp\/v2\/posts"}],"about":[{"href":"https:\/\/www.europesays.com\/ee\/wp-json\/wp\/v2\/types\/post"}],"author":[{"embeddable":true,"href":"https:\/\/www.europesays.com\/ee\/wp-json\/wp\/v2\/users\/2"}],"replies":[{"embeddable":true,"href":"https:\/\/www.europesays.com\/ee\/wp-json\/wp\/v2\/comments?post=206402"}],"version-history":[{"count":0,"href":"https:\/\/www.europesays.com\/ee\/wp-json\/wp\/v2\/posts\/206402\/revisions"}],"wp:featuredmedia":[{"embeddable":true,"href":"https:\/\/www.europesays.com\/ee\/wp-json\/wp\/v2\/media\/206403"}],"wp:attachment":[{"href":"https:\/\/www.europesays.com\/ee\/wp-json\/wp\/v2\/media?parent=206402"}],"wp:term":[{"taxonomy":"category","embeddable":true,"href":"https:\/\/www.europesays.com\/ee\/wp-json\/wp\/v2\/categories?post=206402"},{"taxonomy":"post_tag","embeddable":true,"href":"https:\/\/www.europesays.com\/ee\/wp-json\/wp\/v2\/tags?post=206402"}],"curies":[{"name":"wp","href":"https:\/\/api.w.org\/{rel}","templated":true}]}}