{"id":206508,"date":"2026-06-17T13:59:07","date_gmt":"2026-06-17T13:59:07","guid":{"rendered":"https:\/\/www.europesays.com\/ee\/206508\/"},"modified":"2026-06-17T13:59:07","modified_gmt":"2026-06-17T13:59:07","slug":"minu-sportlane-platvorm-taitis-loomisel-seatud-eesmargi-varia","status":"publish","type":"post","link":"https:\/\/www.europesays.com\/ee\/206508\/","title":{"rendered":"Minu Sportlane platvorm t\u00e4itis loomisel seatud eesm\u00e4rgi | Varia"},"content":{"rendered":"<p>Eesti Ol\u00fcmpiakomitee \u00fchisrahastusplatvorm Minu Sportlane t\u00e4histab juulis oma esimest tegevusaastat ning v\u00f5ib seda teha r\u00f5\u00f5mus\u00f5numiga. Platvormi kaudu on Eesti sporti senise tegutsemisaja jooksul panustatud juba enam kui 130 000 eurot, \u00fcletades sellega platvormi loomisel seatud algse eesm\u00e4rgi.<\/p>\n<p>Minu Sportlane loodi eesm\u00e4rgiga tuua sportlased ja nende toetajad teineteisele l\u00e4hemale ning luua uus, l\u00e4bipaistev ja kogukonnap\u00f5hine viis Eesti spordi toetamiseks. Esimese tegevusaasta jooksul on platvormil avaldatud kokku 41 projekti, mille toetamiseks on tehtud 2139 annetust.<\/p>\n<p>K\u00f5ige edukamaks projektiks on kujunenud noortriatleetide Liis Kapteni ja Gregor Rasva kogumiskampaania, mille eesm\u00e4rk on toetada nende treeningv\u00f5imalusi Inglismaal koos triatloni ol\u00fcmpiav\u00f5itja ja maailma tippudega, pidades silmas pikemaajalist sihti j\u00f5uda 2028. aasta Los Angelese ja 2032. aasta Brisbane&#8217;i ol\u00fcmpiam\u00e4ngudele.<\/p>\n<p>&#8220;Sport on emotsioon, mis \u00fchendab inimesi ja kogu rahvast. Minu Sportlane platvormi eesm\u00e4rk on tuua inimesed Eesti spordile l\u00e4hemale kui kunagi varem, et iga eestlane tunneks, et tema panus loeb ning aitab viia Eesti sporti edasi uute v\u00f5itudeni,&#8221; \u00fctles EOK peasekret\u00e4r Kristo Tohver.<\/p>\n<p>Eesti Ol\u00fcmpiakomitee president Gerd Kanter r\u00f5hutas, et platvormi kaudu kogutud raha j\u00f5uab otse sportlaste igap\u00e4evasesse treening- ja v\u00f5istlustegevusse.<\/p>\n<p>&#8220;See 130 000 eurot ei ole kuiv statistika. See on raha, mis l\u00e4heb otse sportlaste treeningutesse, v\u00f5istlusreisidesse ja varustusse. Iga\u00fcks, kes on Minu Sportlase kaudu oma panuse andnud, on tegelikult kaasa aidanud konkreetsele sportlasele konkreetsel hetkel edasi liikuda. Selline otsetoetus on hindamatu ja n\u00e4itab, et Eesti inimestele on sport ja sportlaste edu s\u00fcdamel\u00e4hedased,&#8221; \u00fctles Kanter.<\/p>\n<p>Minu Sportlane platvormiga saab l\u00e4hemalt tutvuda <a href=\"https:\/\/minusportlane.ee\/\" target=\"_blank\" rel=\"noopener nofollow\">SIIN<\/a>.<\/p>\n","protected":false},"excerpt":{"rendered":"Eesti Ol\u00fcmpiakomitee \u00fchisrahastusplatvorm Minu Sportlane t\u00e4histab juulis oma esimest tegevusaastat ning v\u00f5ib seda teha r\u00f5\u00f5mus\u00f5numiga. Platvormi kaudu on&hellip;\n","protected":false},"author":2,"featured_media":201916,"comment_status":"","ping_status":"","sticky":false,"template":"","format":"standard","meta":{"footnotes":"","_share_on_mastodon":"0"},"categories":[18],"tags":[37,33,35,494,2247,34,36,16413,159,158],"class_list":["post-206508","post","type-post","status-publish","format-standard","has-post-thumbnail","category-sport","tag-ee","tag-eesti","tag-eesti-keel","tag-eesti-olumpiakomitee","tag-eok","tag-estonia","tag-estonian","tag-minu-sportlane","tag-sport","tag-sports"],"share_on_mastodon":{"url":"https:\/\/pubeurope.com\/@ee\/116765810026694522","error":""},"_links":{"self":[{"href":"https:\/\/www.europesays.com\/ee\/wp-json\/wp\/v2\/posts\/206508","targetHints":{"allow":["GET"]}}],"collection":[{"href":"https:\/\/www.europesays.com\/ee\/wp-json\/wp\/v2\/posts"}],"about":[{"href":"https:\/\/www.europesays.com\/ee\/wp-json\/wp\/v2\/types\/post"}],"author":[{"embeddable":true,"href":"https:\/\/www.europesays.com\/ee\/wp-json\/wp\/v2\/users\/2"}],"replies":[{"embeddable":true,"href":"https:\/\/www.europesays.com\/ee\/wp-json\/wp\/v2\/comments?post=206508"}],"version-history":[{"count":0,"href":"https:\/\/www.europesays.com\/ee\/wp-json\/wp\/v2\/posts\/206508\/revisions"}],"wp:featuredmedia":[{"embeddable":true,"href":"https:\/\/www.europesays.com\/ee\/wp-json\/wp\/v2\/media\/201916"}],"wp:attachment":[{"href":"https:\/\/www.europesays.com\/ee\/wp-json\/wp\/v2\/media?parent=206508"}],"wp:term":[{"taxonomy":"category","embeddable":true,"href":"https:\/\/www.europesays.com\/ee\/wp-json\/wp\/v2\/categories?post=206508"},{"taxonomy":"post_tag","embeddable":true,"href":"https:\/\/www.europesays.com\/ee\/wp-json\/wp\/v2\/tags?post=206508"}],"curies":[{"name":"wp","href":"https:\/\/api.w.org\/{rel}","templated":true}]}}