{"id":206607,"date":"2026-06-17T16:03:12","date_gmt":"2026-06-17T16:03:12","guid":{"rendered":"https:\/\/www.europesays.com\/ee\/206607\/"},"modified":"2026-06-17T16:03:12","modified_gmt":"2026-06-17T16:03:12","slug":"jazzkaare-fookuses-maarja-nuut-teoses-liivast-juukseid-kammides-kohtuvad-mu-erinevad-loomingulised-suunad-edasi","status":"publish","type":"post","link":"https:\/\/www.europesays.com\/ee\/206607\/","title":{"rendered":"Jazzkaare fookuses. Maarja Nuut: teoses &#8220;Liivast juukseid kammides&#8221; kohtuvad mu erinevad loomingulised suunad \u2013 Edasi"},"content":{"rendered":"<p class=\"intro\">Oktoobris j\u00f5uab S\u00fcgisjazzil Kumu auditooriumis publiku ette Maarja Nuudi uus teos \u201cLiivast juukseid kammides\u201d, poeetiline ja s\u00fcgavalt isiklik lauluts\u00fckkel vokaalansamblile, l\u00f6\u00f6kpillidele, viiulile ja elektroonikale. Folgist elektroonikani, algklasside \u00f5petamisest filmimuusika kirjutamiseni \u2013 nagu ka tema uus teos, ei allu Maarja Nuudi loominguline maailm lihtsatele m\u00e4\u00e4ratlustele.<\/p>\n<p>Intervjueeris Kaisa Potisepp.<\/p>\n<p>\u00c4sja on alanud ilus Eesti suvi. Kas sind inspireerib pigem praeguse looduse lopsakus ja avarus v\u00f5i tulevad paremad m\u00f5tted just talvel \u201ckoopas olles\u201d?\u00a0<\/p>\n<p>Nii on v\u00f5ib-olla natuke veider end kirjeldada, aga olen v\u00e4ga aastaajaline inimene ning mu m\u00f5tted, k\u00e4itumine, eelistused ja muusika on h\u00e4sti hooaja-, kliima- ja ilmatundlikud.<\/p>\n<p>Kui algab kevad, siis looduse hiiliv t\u00e4rkamine tundub k\u00f5ige v\u00f5imsam \u00fcldse. Varakevad on minu jaoks \u00fcks m\u00fcstilisemaid aastaaegu sise- ja v\u00e4lismaailma p\u00f5rkumise koha pealt: v\u00e4ljas on veel pori ja udu ja k\u00f5ik on hall, aga juba kuuled esimesi saabuvaid linde\u2026 See on igal aastal t\u00e4iesti uskumatu hetk avastada endas taaskord nii palju lootust.<\/p>\n<p>Suve lopsakuses muutuvad mu helid v\u00e4rvilisemaks ja \u00fcle \u00e4\u00e4re voolavaks. K\u00f5ik kasvab nii k\u00e4hku ja igas suunas korraga, muusika tegemine suvel rajaneb instinktidel ning on katsetuslik. S\u00fcgise selginev \u00f5hk ja k\u00f5dunemise eri j\u00e4rgud inspireerivad j\u00e4lle omamoodi \u2013 on tunda settimist ja ebavajaliku mahapudenemist. Ja l\u00f5puks talve saabudes selgib m\u00f5te, k\u00f5ik koondub sissepoole ning koopas olemise tunne tegelikult kosutab.<\/p>\n<p>Nii et ma olen aastaringi vaatlemise f\u00e4nn, eriti n\u00fc\u00fcd maal elades.<\/p>\n<p>Sel aastal oled kirjutanud muusika mitmele filmile, \u00f5petanud algklasse ning esinenud nii Eestis kui v\u00e4lismaal. Kas need erinevad maailmad toidavad \u00fcksteist v\u00f5i n\u00f5uavad sult hoopis erinevaid mina-versioone?<\/p>\n<p>Kas meis k\u00f5igis pole mitte erinevaid mina-versioone? Minus kindlasti on erinevaid tahke, teinekord pealtn\u00e4ha isegi ehk vastandlikke, aga need kindlasti toidavad \u00fcksteist.<\/p>\n<p>\u00d5petamine on selles m\u00f5ttes hea maandus, et lastega ei saa mingisse kunstilisse uttu \u00e4ra kaduda. Nad on h\u00e4sti vahetud ja ausad. Astun kooliuksest sisse ja tean, mis on minu \u00fclesanne. Eesm\u00e4rgini j\u00f5udmiseks tuleb olla sama m\u00e4nguline kui s\u00fcsteemne.<\/p>\n<p>Filmimuusikat luues tuleb osata kuulata ja tajuda kellegi teise maailma ning leida viis sellega suhestumiseks. See on \u00fchtaegu meeskonnat\u00f6\u00f6 ja samas hierarhiline \u2013 minu looming on re\u017eiss\u00f6\u00f6ri loo jutustamise teenistuses. Lavalolek on aga hoopis midagi muud, miski, mida vajan enda lahtiharutamiseks ja peegeldamiseks, see loob kontakti kuulajatega hoopis teisel viisil kui klassi ees \u00f5petades. Loomingulise \u00e4rksuse trenn on see samuti.<\/p>\n<p>Ei saa muidugi \u00f6elda, et jube lihtne oleks. Aeg-ajalt hoogsate projektide vahel s\u00f5eludes k\u00fcsin endalt ikka ja j\u00e4lle, kas see on m\u00f5istlik\u2026 Nali naljaks, aga vanus ka juba sealmaal, et keha ja vaim ei soovi enam rutata. Seda tunnetust kindlasti m\u00f5jutab ka elu maal. Siin on raskem endale valetada, et k\u00f5ik peab kogu aeg kohe juhtuma.<\/p>\n<p>Elu maal ehk maja Rakvere k\u00fclje all, millele oled j\u00e4rk-j\u00e4rgult elu sisse puhunud, lisandus v\u00f5rrandisse m\u00f5ne aasta eest. Kuidas see kogemus ja keskkond su loomingut on m\u00f5jutanud?\u00a0<\/p>\n<p>Selle protsessi esimesed kaks aastat m\u00f5jutasid mu viimatist sooloalbumit \u201cHinged\u201d, hakkasime abikaasaga siin vaikselt toimetama pandeemia aegu. Aga m\u00f5neti tunnen, et kogu mu looming on sestpeale siinsest eluolust l\u00e4bi imbunud. Mitte et ma kirjutaks n\u00fc\u00fcd kuidagi otse maaelust v\u00f5i loodusest, aga \u00fcmbritsev maastik, l\u00f5hnad, rajad, koos kasvamine selle kohaga \u2013 see k\u00f5ik j\u00e4tkuvalt kujundab mind.<\/p>\n<p>Juba mainisin, kuidas aastaajad mu loomingut m\u00f5jutavad. Huvitav on ka aja m\u00f5\u00f5de siin elades, mul on ruumi m\u00e4rgata palju rohkem detaile. Aias toimetamine v\u00f5i vana talukoha korrastamine \u00f5petab kannatlikkust, tahad seda v\u00f5i mitte. K\u00f5ike ei saa kontrollida ja tuleb leida \u00fchine keel olemasoleva ning \u00fcmbritsevaga.<\/p>\n<blockquote>\n<p>V\u00f5ib-olla see ongi mind enim m\u00f5jutanud: tunne, et ma ei alusta kunagi p\u00e4ris t\u00fchjalt kohalt. Alati on kuskil mingid kihid, kellegi-millegi j\u00e4ljed, pidevalt muutuvad vormid. Ja loomingus huvitabki mind j\u00e4tkuvalt muundumine, eri kihtide omavaheline d\u00fcnaamika.<\/p>\n<\/blockquote>\n<p>Kuulajad teavad sind nii folgi kui praeguste eksperimentaalsemate ja improvisatsioonist kantud projektide poolest. Kuhu paigutub heli ja loomingu m\u00f5ttes su uus suurteos \u201cLiivast juukseid kammides\u201d? Miks see just n\u00fc\u00fcd s\u00fcndis?<\/p>\n<p>Tegelikult hakkasin materjali kirjutama 2022. aasta s\u00fcgisel ja nii on algselt kammerkoorile m\u00f5eldud teose tuum juba t\u00fckk aega k\u00fcpsenud. Vahepeal on muidugi palju juhtunud \u2013 minus endas, maailmas ja ka selles, kuidas ma seda materjali kuulen. N\u00fc\u00fcd on koosseis muutunud ja seet\u00f5ttu ka k\u00f5la. Talvel viibisin n\u00e4dala Max Richteri ja Yulia Mahri imelises loomeresidentuuris ja stuudios Inglismaal. Kirjutasin olemasolevat \u00fcmber, m\u00f5eldes just Shardsile, kellega samuti seal esimest korda kohtusin.<\/p>\n<p>Heli m\u00f5ttes tundub \u201cLiivast juukseid kammides\u201d mu erinevate loominguliste suundade kohtumisena, millest omakorda loodetavasti s\u00fcnnib p\u00f5nev ja omalaadne tervik. On see folk, eksperimentaalne elektroonika, jazz v\u00f5i n\u00fc\u00fcdismuusika? Ma loodan, et meie hulgas on j\u00e4rjest suurem hulk kuulajaid, kes ei hooli piiritletud \u017eanrim\u00e4\u00e4ratlustest ja tunnevad huvi pigem h\u00fcbriidvormide vastu. Julgen ka arvata, et see kontsert v\u00f5iks puudutada minu kuulajaid l\u00e4bi aastate, ka neid, kes eelk\u00f5ige varasema loominguga kokkupuudet tundsid.<\/p>\n<p>Oled Nicolas Stockeriga palju koos t\u00f6\u00f6tanud, Jazzkaare publik m\u00e4letab teid 2022. aasta festivalilt. Mis teid aina taas kokku toob ja mida uut pakub teie koost\u00f6\u00f6le \u201cLiivast juukseid kammides\u201d?\u00a0<\/p>\n<p>Mulle meeldib Nicolase m\u00e4ngutunnetus. See on elastne ja kuigi pean t\u00e4psust samuti t\u00e4htsaks oskuseks, siis sellist l\u00e4bitunnetatud elastsust muusikalises v\u00e4ljenduses on palju keerulisem saavutada, tundub mulle.<\/p>\n<p>Teose \u201cLiivast juukseid kammides\u201d puhul on huvitav see, et me pole ainult kahekesi mingis vabas raamis toimetamas, vaid l\u00f6\u00f6kpillid asetuvad laiema terviku sisse, on m\u00f5nikord kindla struktuuriga ning annavad olulise l\u00fcli dramaturgilisse arengusse. Kohtume augustis l\u00fchikeseks residentuuriks ja otsime siis v\u00e4rskeid k\u00f5lasid.<\/p>\n<p>Eestlane on koorirahvas, aga briti koor Shards teeb midagi, mis on meile pigem uudne. Mis sind nende puhul k\u00f5netab, mis pani neid sinu uude suurteosesse sobituma?<\/p>\n<p>Shardsiga t\u00f6\u00f6tamine on olnud v\u00e4rskendav kogemus. Eesti koorikultuur on eluj\u00f5uline ja pika traditsiooniga, aga selliste n\u00e4htustega tulevad alati kaasa teatud ootused, k\u00f5laideaalid, harjumused. Ja vahel v\u00f5ib see loominguliselt natuke piirata, isegi kui see foon on k\u00f5rgel tasemel.<\/p>\n<p>Shardsi lauljate pagas on hoopis teistsugune: nende h\u00e4\u00e4led v\u00f5ivad olla ilusad, aga ka karedad, v\u00e4ga l\u00e4hedal v\u00f5i teistmoodi r\u00fctmilised. See sobib mulle \u00fclih\u00e4sti, sest \u201cLiivast juukseid kammides\u201d ei sisalda ainult laulmist klassikalises m\u00f5ttes. Seal on hetki, kus h\u00e4\u00e4l on pigem mingi ruum v\u00f5i materjal. Ma esiti pelgasin, kas see on \u00fcldse realistlik m\u00f5te panna neid eesti keeles laulma, aga tuli v\u00e4lja, et on k\u00fcll. Ja koost\u00f6\u00f6 puhul k\u00f5ige p\u00f5nevam on see, kui ma ei saa lihtsalt seda, mida juba ette kujutasin, vaid midagi nihkub kuhugi ootamatusse kohta.<\/p>\n<p>\u201cLiivast juukseid kammides\u201d lisandus hiljuti ka maailma \u00fche juhtiva jazzifestivali EFG London Jazz Festival kavva. Mida selline kutse sulle kui artistile t\u00e4hendab?\u00a0<\/p>\n<p>See teeb muidugi palju r\u00f5\u00f5mu, et teost ka Londonis esitada saame, ja veel nii suurep\u00e4rases kontserdisaalis nagu Milton Court. See annab teosele n\u00e4htavust ja kinnitust, et projektil v\u00f5iks olla laiem k\u00f5lapind. Eriliseks teeb kutse eelk\u00f5ige see, et tegu on produktsiooni m\u00f5ttes siiski v\u00e4ga kuluka projektiga. Sellist koosseisu ei ole lihtne niisama \u00fchest kohast teise viia \u2013 palju inimesi, tehnilisi vajadusi, logistika ja seet\u00f5ttu mitmes m\u00f5ttes riskantsem projekt. Aga meie ideega tuli kaasa ka Barbicani kultuurikeskus, kes on s\u00fcndmuse kaasprodutsent ja kusjuures ka peamine p\u00f5hjus, miks Shards kui kollektiiv eksisteerib \u2013 nimelt palus Barbican Kieran Bruntil kokku panna vokaalansambel Nils Frahmi\u00a0\u201cPossibly Colliding\u2019u\u201d esitluse jaoks nende suvefestivalil ja sealt edasi hakkas projekt juba oma elu elama.<\/p>\n<p>Tuleb aga tunnistada, et kontsert on kontsert, toimugu see pisikeses DIY-stiilis eksperimentaalmuusikaklubis v\u00f5i suures ja t\u00e4htsas kontserdisaalis. Vahel v\u00f5ib p\u00e4ris v\u00e4ikses ruumis \u00fcksikute inimestega publikus tekkida midagi tohutult v\u00f5imsat v\u00f5i vastupidi. Mu senise aktiivse kontserttegevuse inspireerivaim osa ongi olnud eri paigus, saalides, kontekstides m\u00e4ngimine, eriti kui seda teha nii-\u00f6elda sama kavaga.<\/p>\n<p>Nii et l\u00f5puks on minu jaoks ikka ja alati k\u00f5ige t\u00e4htsam see hetk, kui inimesed on ruumis ja heli hakkab p\u00e4riselt elama, vahet pole kus.<\/p>\n<p><img loading=\"lazy\" decoding=\"async\" data-attachment-id=\"277077\" data-permalink=\"https:\/\/edasi.org\/277047\/jazzkaare-fookuses-maarja-nuut-teoses-liivast-juukseid-kammides-kohtuvad-mu-erinevad-loomingulised-suunad\/_mg_2569\/\" data-orig-file=\"https:\/\/edasi.org\/wp-content\/uploads\/2026\/06\/MG_2569-scaled.webp\" data-orig-size=\"2048,1365\" data-comments-opened=\"0\" data-image-title=\"_MG_2569\" data-image-description=\"\" data-image-caption=\"&lt;p&gt;Maarja Nuut: Foto: erakogu&lt;\/p&gt;&#10;\" data-large-file=\"https:\/\/edasi.org\/wp-content\/uploads\/2026\/06\/MG_2569-1024x683.webp\" class=\"size-medium wp-image-277077\" src=\"data:image\/svg+xml,%3Csvg%20xmlns=\" http:=\"\" alt=\"\" width=\"768\" height=\"512\" data-lazy- data-lazy- data-lazy-src=\"https:\/\/www.europesays.com\/ee\/wp-content\/uploads\/2026\/06\/MG_2569-768x512.webp\"\/>Maarja Nuut: Foto: erakogu<\/p>\n<p>Enne S\u00fcgisjazzi on veel paar ilusat sooja suvekuud ees. Mida soovitaksid inimestel kuulata, lugeda, vaadata, kogeda?<\/p>\n<p>Soovitan kuulata, lugeda ja kogeda loodust me \u00fcmber \u2013 iga ilmaga. Suvi on selline meeleline aeg. Talvel j\u00f5uab raamatuid lugeda ja filme vaadata k\u00fcll. Kes aga \u00fcldse ei kipu linnakeskkonnast v\u00e4lja, siis alati kutsun inimesi \u00fcles kultuuri\u00fcritusi k\u00fclastama; unusta see Spotify korraks \u00e4ra ja mine koge asja, mis s\u00fcnnib just selles hetkes. Eriti punk, kui otsustad kuulama-vaatama minna midagi, mille puhul sa pole \u00fcldse kindel, kas sellest aru saad v\u00f5i see sulle meeldib \u2013 v\u00f5id avastada rohkem, kui esmapilgul tundub.<\/p>\n<p>Ja kindlasti soovitan juba lapsep\u00f5lveaegset kodulinna lemmiks\u00fcndmust etenduskunstifestivali Baltoscandal, mis n\u00fc\u00fcd juuli algul Rakveres taas toimub.<\/p>\n<p>S\u00fcgisjazz 2026 toimub 13. septembrist 14. oktoobrini, kogu kava on avalik. Hooajal esineb viis artisti kontsertidega \u00fcle Eesti: T.I.M. (Norra\u2013Prantsusmaa); Frederico Heliodoro (Brasiilia); Rebecca Kontus Trio \u201cHymne \u00e0 l\u2019amour\u201d; Maarja Nuut, Shards, Nicolas Stocker \u201cLiivast juukseid kammides\u201d (Eesti\u2013UK\u2013\u0160veits); Paabel \u201cAjatu\u201d. Lisainfo ja piletid <a href=\"https:\/\/jazzkaar.ee\/programm\/\" target=\"_blank\" rel=\"noopener nofollow\">Jazzkaare kodulehelt<\/a>.<\/p>\n<p>Rubriik\u00a0<a href=\"https:\/\/edasi.org\/?s=jazzkaare+fookuses\" target=\"_blank\" rel=\"noopener nofollow\">\u201cJazzkaare fookuses\u201d<\/a>\u00a0on ajakirja Edasi ja Jazzkaare koost\u00f6\u00f6projekt, kus tutvustame ja arutleme maailma ja Eesti jazzmuusika trendide \u00fcle ning v\u00f5tame luubi alla p\u00f5nevad valdkonda puudutavad jazziteemad ja esinejad.<\/p>\n","protected":false},"excerpt":{"rendered":"Oktoobris j\u00f5uab S\u00fcgisjazzil Kumu auditooriumis publiku ette Maarja Nuudi uus teos \u201cLiivast juukseid kammides\u201d, poeetiline ja s\u00fcgavalt isiklik&hellip;\n","protected":false},"author":2,"featured_media":206608,"comment_status":"","ping_status":"","sticky":false,"template":"","format":"standard","meta":{"footnotes":"","_share_on_mastodon":"0"},"categories":[16],"tags":[8546,424,37,33,35,173,34,36,5193,8317,12740,12741,1427,11001,190,285,8527,26638,140,144],"class_list":["post-206607","post","type-post","status-publish","format-standard","has-post-thumbnail","category-meelelahutus","tag-aastaajad","tag-edasi","tag-ee","tag-eesti","tag-eesti-keel","tag-entertainment","tag-estonia","tag-estonian","tag-inspiratsioon","tag-inspireerima","tag-jazzkaar","tag-jazzkaare-fookuses","tag-kogemus","tag-koostoo","tag-kunst","tag-loodus","tag-looming","tag-maarja-nuut","tag-meelelahutus","tag-muusika"],"share_on_mastodon":{"url":"https:\/\/pubeurope.com\/@ee\/116766297712224778","error":""},"_links":{"self":[{"href":"https:\/\/www.europesays.com\/ee\/wp-json\/wp\/v2\/posts\/206607","targetHints":{"allow":["GET"]}}],"collection":[{"href":"https:\/\/www.europesays.com\/ee\/wp-json\/wp\/v2\/posts"}],"about":[{"href":"https:\/\/www.europesays.com\/ee\/wp-json\/wp\/v2\/types\/post"}],"author":[{"embeddable":true,"href":"https:\/\/www.europesays.com\/ee\/wp-json\/wp\/v2\/users\/2"}],"replies":[{"embeddable":true,"href":"https:\/\/www.europesays.com\/ee\/wp-json\/wp\/v2\/comments?post=206607"}],"version-history":[{"count":0,"href":"https:\/\/www.europesays.com\/ee\/wp-json\/wp\/v2\/posts\/206607\/revisions"}],"wp:featuredmedia":[{"embeddable":true,"href":"https:\/\/www.europesays.com\/ee\/wp-json\/wp\/v2\/media\/206608"}],"wp:attachment":[{"href":"https:\/\/www.europesays.com\/ee\/wp-json\/wp\/v2\/media?parent=206607"}],"wp:term":[{"taxonomy":"category","embeddable":true,"href":"https:\/\/www.europesays.com\/ee\/wp-json\/wp\/v2\/categories?post=206607"},{"taxonomy":"post_tag","embeddable":true,"href":"https:\/\/www.europesays.com\/ee\/wp-json\/wp\/v2\/tags?post=206607"}],"curies":[{"name":"wp","href":"https:\/\/api.w.org\/{rel}","templated":true}]}}