{"id":206661,"date":"2026-06-17T17:21:10","date_gmt":"2026-06-17T17:21:10","guid":{"rendered":"https:\/\/www.europesays.com\/ee\/206661\/"},"modified":"2026-06-17T17:21:10","modified_gmt":"2026-06-17T17:21:10","slug":"tartu-korvpallimeeskond-napsas-enda-ridadesse-parnu-aaremangija-tartu-postimees","status":"publish","type":"post","link":"https:\/\/www.europesays.com\/ee\/206661\/","title":{"rendered":"Tartu korvpallimeeskond napsas enda ridadesse P\u00e4rnu \u00e4\u00e4rem\u00e4ngija &#8211; Tartu Postimees"},"content":{"rendered":"<ol>\n<li><a href=\"https:\/\/news.google.com\/rss\/articles\/CBMinwFBVV95cUxQbHlLQmJpbVBuemRELVl1RHozNHdHcjRTeEtqV2pPcWlHZ0otWGZTQ3ZpNlVyTGtsUmo3ZWJlMEVwNGxfSkVaMDRUYkhtUjRlTmpTWEtFbzl5RG9rWVFlR0s4eGdKTWotVWMwT2VkcHNjS0l1VGlyRFRrMFFHenNiUXBhMldrbVN0RjF6NVZUWWpoYW5vazNmbXZvSjh1U1E?oc=5\" target=\"_blank\" rel=\"nofollow noopener\">Tartu korvpallimeeskond napsas enda ridadesse P\u00e4rnu \u00e4\u00e4rem\u00e4ngija<\/a>&nbsp;&nbsp;Tartu Postimees<\/li>\n<li><a href=\"https:\/\/news.google.com\/rss\/articles\/CBMiogFBVV95cUxPQS1YSFRaTWR1ZjVEVEdCSktqcGM5UVFOc1AwVUFELTBGS0ZGOTRWUTcteHc4M1NqMXFPNTBnczBtRm83akl2Q1ZEeDY2VmZ0a0tva2stQUFSQmg2WVg5VFlQWmFGdnpGYl93TGNIdndyRkRhbk1mZEhyWVlhcVRkb2VSaU9lQ2l4OFNLaW1pTzZIdEotSXJDNWhaZGt0d2pWWVE?oc=5\" target=\"_blank\" rel=\"nofollow noopener\">Tartu \u00dclikooli korvpallimeeskond t\u00e4iendas koosseisu P\u00e4rnu p\u00f5himehega<\/a>&nbsp;&nbsp;sport | ERR<\/li>\n<li><a href=\"https:\/\/news.google.com\/rss\/articles\/CBMipwFBVV95cUxONnd4LVVDcW5CVGVuTHhBaElhV1lBRzhZQ2FDa0ZqV0xJVE9mUFBJbjNXRng4MW44YmxaU1V1OWJ3bW1KTldNVGpLTU96R25uWDljUzVxLXBvekJJbURNbVFYc1JUdDRBVjRpczJORm83T0k4amZvOVFoZWppbF8zRWhVWFVtMmdIZnFfc3BkbnlmN2NfRGRDWGRyN3lZNjN2SnJfeGhIRQ?oc=5\" target=\"_blank\" rel=\"nofollow noopener\">Tartu \u00dclikool Maks &amp; Moorits pikendas Martin Paasojaga lepingut<\/a>&nbsp;&nbsp;Delfi Sport<\/li>\n<li><a href=\"https:\/\/news.google.com\/rss\/articles\/CBMigAFBVV95cUxNdXMwS2M5emlXamExdGhzT0JVTUFZOXNlQUZLWDctU2RuMkdtVndVUUlQUl9SSTRreEZ2WHFXV2ltTzUzUFBTVzJpeE0telZVZXh5LUQzVHhHdnJ4b2puVl82Y0pSdDBGTmxrVzRiczB5RnAwRW1RV3EwaDFuV3JhLQ?oc=5\" target=\"_blank\" rel=\"nofollow noopener\">Martin Paasoja j\u00e4tkab Tartu \u00dclikool ridades<\/a>&nbsp;&nbsp;sport | ERR<\/li>\n<\/ol>\n","protected":false},"excerpt":{"rendered":"Tartu korvpallimeeskond napsas enda ridadesse P\u00e4rnu \u00e4\u00e4rem\u00e4ngija&nbsp;&nbsp;Tartu Postimees Tartu \u00dclikooli korvpallimeeskond t\u00e4iendas koosseisu P\u00e4rnu p\u00f5himehega&nbsp;&nbsp;sport | ERR Tartu&hellip;\n","protected":false},"author":2,"featured_media":206662,"comment_status":"","ping_status":"","sticky":false,"template":"","format":"standard","meta":{"footnotes":"","_share_on_mastodon":"0"},"categories":[18],"tags":[47395,37,33,35,11657,3946,34,36,159,158,2379,3511],"class_list":["post-206661","post","type-post","status-publish","format-standard","has-post-thumbnail","category-sport","tag-aleksander-oliver-hint","tag-ee","tag-eesti","tag-eesti-keel","tag-eesti-korvpalli-meistriliiga","tag-eesti-lati-korvpalliliiga","tag-estonia","tag-estonian","tag-sport","tag-sports","tag-tartu-ulikool-maks-moorits","tag-transcom-parnu"],"share_on_mastodon":{"url":"https:\/\/pubeurope.com\/@ee\/116766604441479777","error":""},"_links":{"self":[{"href":"https:\/\/www.europesays.com\/ee\/wp-json\/wp\/v2\/posts\/206661","targetHints":{"allow":["GET"]}}],"collection":[{"href":"https:\/\/www.europesays.com\/ee\/wp-json\/wp\/v2\/posts"}],"about":[{"href":"https:\/\/www.europesays.com\/ee\/wp-json\/wp\/v2\/types\/post"}],"author":[{"embeddable":true,"href":"https:\/\/www.europesays.com\/ee\/wp-json\/wp\/v2\/users\/2"}],"replies":[{"embeddable":true,"href":"https:\/\/www.europesays.com\/ee\/wp-json\/wp\/v2\/comments?post=206661"}],"version-history":[{"count":0,"href":"https:\/\/www.europesays.com\/ee\/wp-json\/wp\/v2\/posts\/206661\/revisions"}],"wp:featuredmedia":[{"embeddable":true,"href":"https:\/\/www.europesays.com\/ee\/wp-json\/wp\/v2\/media\/206662"}],"wp:attachment":[{"href":"https:\/\/www.europesays.com\/ee\/wp-json\/wp\/v2\/media?parent=206661"}],"wp:term":[{"taxonomy":"category","embeddable":true,"href":"https:\/\/www.europesays.com\/ee\/wp-json\/wp\/v2\/categories?post=206661"},{"taxonomy":"post_tag","embeddable":true,"href":"https:\/\/www.europesays.com\/ee\/wp-json\/wp\/v2\/tags?post=206661"}],"curies":[{"name":"wp","href":"https:\/\/api.w.org\/{rel}","templated":true}]}}