{"id":206686,"date":"2026-06-17T17:58:44","date_gmt":"2026-06-17T17:58:44","guid":{"rendered":"https:\/\/www.europesays.com\/ee\/206686\/"},"modified":"2026-06-17T17:58:44","modified_gmt":"2026-06-17T17:58:44","slug":"postiseaduse-muudatus-miks-ja-kelle-vastu","status":"publish","type":"post","link":"https:\/\/www.europesays.com\/ee\/206686\/","title":{"rendered":"Postiseaduse muudatus \u2013 miks ja kelle vastu"},"content":{"rendered":"<p>Praeguse v\u00f5imukoalitsiooni tegevus tundub olevat kantud vaid \u00fchest ideest \u2013 kuidas j\u00e4reltulijatele v\u00f5imalikult suuremat k\u00e4kki keerata. T\u00e4nasest valimiseelsest \u00f5hkkonnast v\u00f5ib mitmeid n\u00e4iteid tuua. Olgu \u00fcks n\u00e4ide t\u00e4na Riigikogus kolmandale lugemisele tulev postiseaduse muutmise eeln\u00f5u.<\/p>\n<p>Ettepanku autorid v\u00e4idavad seletuskirjas, et eeln\u00f5uga kavandatavate muudatuste eesm\u00e4rk on Eesti postituru kaasajastamine ja selle konkurentsiv\u00f5ime tagamine. Seletatakse, et eeln\u00f5u muudab regulatsiooni paindlikumaks, v\u00e4hendab ettev\u00f5tete b\u00fcrokraatiat ning p\u00fc\u00fcab tagada universaalse postiteenuse olukorras, kus kirjakande mahud v\u00e4henevad ja turustruktuur muutub.<\/p>\n","protected":false},"excerpt":{"rendered":"Praeguse v\u00f5imukoalitsiooni tegevus tundub olevat kantud vaid \u00fchest ideest \u2013 kuidas j\u00e4reltulijatele v\u00f5imalikult suuremat k\u00e4kki keerata. T\u00e4nasest valimiseelsest&hellip;\n","protected":false},"author":2,"featured_media":206687,"comment_status":"","ping_status":"","sticky":false,"template":"","format":"standard","meta":{"footnotes":"","_share_on_mastodon":"0"},"categories":[5],"tags":[26,27,37,33,35,34,36,31,32,21,28,29,19,25,83791,23,24,22,20,30],"class_list":["post-206686","post","type-post","status-publish","format-standard","has-post-thumbnail","category-uldised-uudised","tag-breaking-news","tag-breakingnews","tag-ee","tag-eesti","tag-eesti-keel","tag-estonia","tag-estonian","tag-featured-news","tag-featurednews","tag-headlines","tag-latest-news","tag-latestnews","tag-news","tag-populaarseimad-lood","tag-postiseadus","tag-top-stories","tag-topstories","tag-uldised-uudised","tag-uudised","tag-viimased-uudised"],"share_on_mastodon":{"url":"https:\/\/pubeurope.com\/@ee\/116766749833137503","error":""},"_links":{"self":[{"href":"https:\/\/www.europesays.com\/ee\/wp-json\/wp\/v2\/posts\/206686","targetHints":{"allow":["GET"]}}],"collection":[{"href":"https:\/\/www.europesays.com\/ee\/wp-json\/wp\/v2\/posts"}],"about":[{"href":"https:\/\/www.europesays.com\/ee\/wp-json\/wp\/v2\/types\/post"}],"author":[{"embeddable":true,"href":"https:\/\/www.europesays.com\/ee\/wp-json\/wp\/v2\/users\/2"}],"replies":[{"embeddable":true,"href":"https:\/\/www.europesays.com\/ee\/wp-json\/wp\/v2\/comments?post=206686"}],"version-history":[{"count":0,"href":"https:\/\/www.europesays.com\/ee\/wp-json\/wp\/v2\/posts\/206686\/revisions"}],"wp:featuredmedia":[{"embeddable":true,"href":"https:\/\/www.europesays.com\/ee\/wp-json\/wp\/v2\/media\/206687"}],"wp:attachment":[{"href":"https:\/\/www.europesays.com\/ee\/wp-json\/wp\/v2\/media?parent=206686"}],"wp:term":[{"taxonomy":"category","embeddable":true,"href":"https:\/\/www.europesays.com\/ee\/wp-json\/wp\/v2\/categories?post=206686"},{"taxonomy":"post_tag","embeddable":true,"href":"https:\/\/www.europesays.com\/ee\/wp-json\/wp\/v2\/tags?post=206686"}],"curies":[{"name":"wp","href":"https:\/\/api.w.org\/{rel}","templated":true}]}}