{"id":206742,"date":"2026-06-17T19:26:09","date_gmt":"2026-06-17T19:26:09","guid":{"rendered":"https:\/\/www.europesays.com\/ee\/206742\/"},"modified":"2026-06-17T19:26:09","modified_gmt":"2026-06-17T19:26:09","slug":"riigikogu-vottis-vastu-erri-noukogu-reformi-opositsioon-naeb-selles-rahvusringhaalingu-ulevotmist-2","status":"publish","type":"post","link":"https:\/\/www.europesays.com\/ee\/206742\/","title":{"rendered":"Riigikogu v\u00f5ttis vastu ERRi n\u00f5ukogu reformi. Opositsioon n\u00e4eb selles rahvusringh\u00e4\u00e4lingu \u00fclev\u00f5tmist"},"content":{"rendered":"<p><img decoding=\"async\" src=\"https:\/\/www.europesays.com\/ee\/wp-content\/uploads\/2026\/06\/1781724369_56_fb9bff74-d788-418f-a1db-543c0177c071.jpg\" loading=\"lazy\" alt=\"Isamaa esimees Urmas Reinsalu teatas, et kavatseb p\u00f6\u00f6rduda presidendi poole palvega kaaluda seaduse v\u00e4lja kuulutamata j\u00e4tmist.&#10;&#10;\"\/><\/p>\n<p>Isamaa esimees Urmas Reinsalu teatas, et kavatseb p\u00f6\u00f6rduda presidendi poole palvega kaaluda seaduse v\u00e4lja kuulutamata j\u00e4tmist.<\/p>\n<p>FOTO: pm| scanpix<\/p>\n<p><a rel=\"noopener nofollow\" target=\"_blank\" href=\"https:\/\/www.delfi.ee\/teema\/22985097\/riigikogu\" tag-id=\"22985097\">Riigikogu<\/a> v\u00f5ttis kolmap\u00e4eva \u00f5htul vastu rahvusringh\u00e4\u00e4lingu seaduse muudatused, mis suurendavad ekspertide rolli <a rel=\"noopener nofollow\" target=\"_blank\" href=\"https:\/\/www.delfi.ee\/teema\/96852784\/err-1\" tag-id=\"96852784\">ERR<\/a>-i n\u00f5ukogus ning n\u00e4evad ette, et n\u00f5ukogus peavad olema esindatud m\u00f5lemad sugupooled. Opositsioon nimetas muudatusi aga katseks v\u00f5tta rahvusringh\u00e4\u00e4ling poliitilise kontrolli alla.<\/p>\n","protected":false},"excerpt":{"rendered":"Isamaa esimees Urmas Reinsalu teatas, et kavatseb p\u00f6\u00f6rduda presidendi poole palvega kaaluda seaduse v\u00e4lja kuulutamata j\u00e4tmist. FOTO: pm|&hellip;\n","protected":false},"author":2,"featured_media":206658,"comment_status":"","ping_status":"","sticky":false,"template":"","format":"standard","meta":{"footnotes":"","_share_on_mastodon":"0"},"categories":[12],"tags":[26,27,37,33,35,2097,20712,34,36,31,32,21,28,29,11236,725,19,25,640,23,24,22,644,20,30],"class_list":["post-206742","post","type-post","status-publish","format-standard","has-post-thumbnail","category-eesti","tag-breaking-news","tag-breakingnews","tag-ee","tag-eesti","tag-eesti-keel","tag-err","tag-err-i-noukogu","tag-estonia","tag-estonian","tag-featured-news","tag-featurednews","tag-headlines","tag-latest-news","tag-latestnews","tag-liina-kersna","tag-martin-helme","tag-news","tag-populaarseimad-lood","tag-riigikogu","tag-top-stories","tag-topstories","tag-uldised-uudised","tag-urmas-reinsalu","tag-uudised","tag-viimased-uudised"],"share_on_mastodon":{"url":"https:\/\/pubeurope.com\/@ee\/116767096092551559","error":""},"_links":{"self":[{"href":"https:\/\/www.europesays.com\/ee\/wp-json\/wp\/v2\/posts\/206742","targetHints":{"allow":["GET"]}}],"collection":[{"href":"https:\/\/www.europesays.com\/ee\/wp-json\/wp\/v2\/posts"}],"about":[{"href":"https:\/\/www.europesays.com\/ee\/wp-json\/wp\/v2\/types\/post"}],"author":[{"embeddable":true,"href":"https:\/\/www.europesays.com\/ee\/wp-json\/wp\/v2\/users\/2"}],"replies":[{"embeddable":true,"href":"https:\/\/www.europesays.com\/ee\/wp-json\/wp\/v2\/comments?post=206742"}],"version-history":[{"count":0,"href":"https:\/\/www.europesays.com\/ee\/wp-json\/wp\/v2\/posts\/206742\/revisions"}],"wp:featuredmedia":[{"embeddable":true,"href":"https:\/\/www.europesays.com\/ee\/wp-json\/wp\/v2\/media\/206658"}],"wp:attachment":[{"href":"https:\/\/www.europesays.com\/ee\/wp-json\/wp\/v2\/media?parent=206742"}],"wp:term":[{"taxonomy":"category","embeddable":true,"href":"https:\/\/www.europesays.com\/ee\/wp-json\/wp\/v2\/categories?post=206742"},{"taxonomy":"post_tag","embeddable":true,"href":"https:\/\/www.europesays.com\/ee\/wp-json\/wp\/v2\/tags?post=206742"}],"curies":[{"name":"wp","href":"https:\/\/api.w.org\/{rel}","templated":true}]}}