{"id":206864,"date":"2026-06-17T22:11:09","date_gmt":"2026-06-17T22:11:09","guid":{"rendered":"https:\/\/www.europesays.com\/ee\/206864\/"},"modified":"2026-06-17T22:11:09","modified_gmt":"2026-06-17T22:11:09","slug":"repliik-%e2%9f%a9-enne-pariisi-tasub-ara-kaia-nuustakul","status":"publish","type":"post","link":"https:\/\/www.europesays.com\/ee\/206864\/","title":{"rendered":"REPLIIK \u27e9 Enne Pariisi tasub \u00e4ra k\u00e4ia Nuustakul"},"content":{"rendered":"<p>Enne kui Pariisi lennata, tasub \u00e4ra k\u00e4ia Nuustakul, avastada L\u00f5una-Eesti kuppelmaastikke, r\u00e4nnata m\u00f6\u00f6da rannikut v\u00f5i nautida saarte erip\u00e4ra. Sageli otsime elamusi kaugelt, kuigi need on olemas siinsamas kodu l\u00e4hedal.<\/p>\n<p>Kodumaal puhkamine on ka majanduslikult kasulik. Eestis kulutatud raha ei kao v\u00e4lismaale, vaid j\u00e4\u00e4b meie ettev\u00f5tjatele, majutusasutustele, kohvikutele, giididele ja paljudele teistele turismiga seotud inimestele. Nii toetame kohalikke t\u00f6\u00f6kohti ja ettev\u00f5tteid.<\/p>\n","protected":false},"excerpt":{"rendered":"Enne kui Pariisi lennata, tasub \u00e4ra k\u00e4ia Nuustakul, avastada L\u00f5una-Eesti kuppelmaastikke, r\u00e4nnata m\u00f6\u00f6da rannikut v\u00f5i nautida saarte erip\u00e4ra.&hellip;\n","protected":false},"author":2,"featured_media":206865,"comment_status":"","ping_status":"","sticky":false,"template":"","format":"standard","meta":{"footnotes":"","_share_on_mastodon":"0"},"categories":[12],"tags":[622,26,27,37,33,35,34,36,31,32,1780,21,1781,28,29,1778,1773,19,1774,25,1771,1779,23,24,196,22,20,30,986,1782,1776,1777,1775,1772,1784,1785,1783,598],"class_list":["post-206864","post","type-post","status-publish","format-standard","has-post-thumbnail","category-eesti","tag-ajakirjandus","tag-breaking-news","tag-breakingnews","tag-ee","tag-eesti","tag-eesti-keel","tag-estonia","tag-estonian","tag-featured-news","tag-featurednews","tag-folk","tag-headlines","tag-kultuuriakadeemia","tag-latest-news","tag-latestnews","tag-mulgi-vald","tag-mulgimaa","tag-news","tag-pohja-sakala","tag-populaarseimad-lood","tag-sakala","tag-soomaa","tag-top-stories","tag-topstories","tag-ugala","tag-uldised-uudised","tag-uudised","tag-viimased-uudised","tag-viljandi","tag-viljandi-haigla","tag-viljandi-linn","tag-viljandi-uudised","tag-viljandi-vald","tag-viljandimaa","tag-viljandimaa-ettevotlus","tag-viljandimaa-sundmused","tag-viljandimaa-uudised","tag-vortsjarv"],"share_on_mastodon":{"url":"","error":"Validation failed: Text character limit of 500 exceeded"},"_links":{"self":[{"href":"https:\/\/www.europesays.com\/ee\/wp-json\/wp\/v2\/posts\/206864","targetHints":{"allow":["GET"]}}],"collection":[{"href":"https:\/\/www.europesays.com\/ee\/wp-json\/wp\/v2\/posts"}],"about":[{"href":"https:\/\/www.europesays.com\/ee\/wp-json\/wp\/v2\/types\/post"}],"author":[{"embeddable":true,"href":"https:\/\/www.europesays.com\/ee\/wp-json\/wp\/v2\/users\/2"}],"replies":[{"embeddable":true,"href":"https:\/\/www.europesays.com\/ee\/wp-json\/wp\/v2\/comments?post=206864"}],"version-history":[{"count":0,"href":"https:\/\/www.europesays.com\/ee\/wp-json\/wp\/v2\/posts\/206864\/revisions"}],"wp:featuredmedia":[{"embeddable":true,"href":"https:\/\/www.europesays.com\/ee\/wp-json\/wp\/v2\/media\/206865"}],"wp:attachment":[{"href":"https:\/\/www.europesays.com\/ee\/wp-json\/wp\/v2\/media?parent=206864"}],"wp:term":[{"taxonomy":"category","embeddable":true,"href":"https:\/\/www.europesays.com\/ee\/wp-json\/wp\/v2\/categories?post=206864"},{"taxonomy":"post_tag","embeddable":true,"href":"https:\/\/www.europesays.com\/ee\/wp-json\/wp\/v2\/tags?post=206864"}],"curies":[{"name":"wp","href":"https:\/\/api.w.org\/{rel}","templated":true}]}}