{"id":206882,"date":"2026-06-17T22:34:07","date_gmt":"2026-06-17T22:34:07","guid":{"rendered":"https:\/\/www.europesays.com\/ee\/206882\/"},"modified":"2026-06-17T22:34:07","modified_gmt":"2026-06-17T22:34:07","slug":"poldude-aarde-kerkinud-plakatid-raagivad-pollumeeste-murest-toidujulgeolek-algab-pollult","status":"publish","type":"post","link":"https:\/\/www.europesays.com\/ee\/206882\/","title":{"rendered":"P\u00f5ldude \u00e4\u00e4rde kerkinud plakatid r\u00e4\u00e4givad p\u00f5llumeeste murest: &#8220;Toidujulgeolek algab p\u00f5llult&#8221;"},"content":{"rendered":"<p>Eesti maanteede \u00e4\u00e4rsetel p\u00f5ldudel hakkavad silma suured plakatid s\u00f5numitega &#8220;Toidujulgeolek algab p\u00f5llult&#8221;, &#8220;Pole p\u00f5llumajandust \u2013 pole toitu&#8221; ja &#8220;Kuis k\u00fclvad, n\u00f5nda l\u00f5ikad&#8221;. Neid on ka mitmel pool Viljandimaal. Kampaania taga on Eesti P\u00f5llumajandus-Kaubanduskoda ja Kevili, kes soovivad juhtida t\u00e4helepanu Eesti p\u00f5llumajanduse keerulisele olukorrale ning Euroopa Liidu toetuste tulevikule.<\/p>\n","protected":false},"excerpt":{"rendered":"Eesti maanteede \u00e4\u00e4rsetel p\u00f5ldudel hakkavad silma suured plakatid s\u00f5numitega &#8220;Toidujulgeolek algab p\u00f5llult&#8221;, &#8220;Pole p\u00f5llumajandust \u2013 pole toitu&#8221; ja&hellip;\n","protected":false},"author":2,"featured_media":206883,"comment_status":"","ping_status":"","sticky":false,"template":"","format":"standard","meta":{"footnotes":"","_share_on_mastodon":"0"},"categories":[5],"tags":[622,26,27,37,33,35,34,36,31,32,1780,21,1781,28,29,1778,1773,19,1774,25,1771,1779,23,24,196,22,20,30,986,1782,1776,1777,1775,1772,1784,1785,1783,598],"class_list":["post-206882","post","type-post","status-publish","format-standard","has-post-thumbnail","category-uldised-uudised","tag-ajakirjandus","tag-breaking-news","tag-breakingnews","tag-ee","tag-eesti","tag-eesti-keel","tag-estonia","tag-estonian","tag-featured-news","tag-featurednews","tag-folk","tag-headlines","tag-kultuuriakadeemia","tag-latest-news","tag-latestnews","tag-mulgi-vald","tag-mulgimaa","tag-news","tag-pohja-sakala","tag-populaarseimad-lood","tag-sakala","tag-soomaa","tag-top-stories","tag-topstories","tag-ugala","tag-uldised-uudised","tag-uudised","tag-viimased-uudised","tag-viljandi","tag-viljandi-haigla","tag-viljandi-linn","tag-viljandi-uudised","tag-viljandi-vald","tag-viljandimaa","tag-viljandimaa-ettevotlus","tag-viljandimaa-sundmused","tag-viljandimaa-uudised","tag-vortsjarv"],"share_on_mastodon":{"url":"","error":"Validation failed: Text character limit of 500 exceeded"},"_links":{"self":[{"href":"https:\/\/www.europesays.com\/ee\/wp-json\/wp\/v2\/posts\/206882","targetHints":{"allow":["GET"]}}],"collection":[{"href":"https:\/\/www.europesays.com\/ee\/wp-json\/wp\/v2\/posts"}],"about":[{"href":"https:\/\/www.europesays.com\/ee\/wp-json\/wp\/v2\/types\/post"}],"author":[{"embeddable":true,"href":"https:\/\/www.europesays.com\/ee\/wp-json\/wp\/v2\/users\/2"}],"replies":[{"embeddable":true,"href":"https:\/\/www.europesays.com\/ee\/wp-json\/wp\/v2\/comments?post=206882"}],"version-history":[{"count":0,"href":"https:\/\/www.europesays.com\/ee\/wp-json\/wp\/v2\/posts\/206882\/revisions"}],"wp:featuredmedia":[{"embeddable":true,"href":"https:\/\/www.europesays.com\/ee\/wp-json\/wp\/v2\/media\/206883"}],"wp:attachment":[{"href":"https:\/\/www.europesays.com\/ee\/wp-json\/wp\/v2\/media?parent=206882"}],"wp:term":[{"taxonomy":"category","embeddable":true,"href":"https:\/\/www.europesays.com\/ee\/wp-json\/wp\/v2\/categories?post=206882"},{"taxonomy":"post_tag","embeddable":true,"href":"https:\/\/www.europesays.com\/ee\/wp-json\/wp\/v2\/tags?post=206882"}],"curies":[{"name":"wp","href":"https:\/\/api.w.org\/{rel}","templated":true}]}}