{"id":206937,"date":"2026-06-18T00:16:22","date_gmt":"2026-06-18T00:16:22","guid":{"rendered":"https:\/\/www.europesays.com\/ee\/206937\/"},"modified":"2026-06-18T00:16:22","modified_gmt":"2026-06-18T00:16:22","slug":"graafikud-riigi-ja-pohikoolieksamite-tulemused-pusivad-stabiilsed-kuid-muret-teevad-matemaatika-ja-keeleoskus-postimees","status":"publish","type":"post","link":"https:\/\/www.europesays.com\/ee\/206937\/","title":{"rendered":"GRAAFIKUD Riigi- ja p\u00f5hikoolieksamite tulemused p\u00fcsivad stabiilsed, kuid muret teevad matemaatika ja keeleoskus &#8211; Postimees"},"content":{"rendered":"<ol>\n<li><a href=\"https:\/\/news.google.com\/rss\/articles\/CBMi2gFBVV95cUxNUjU1cDBpS0czcjJXc2tWc0QzdGo4Z2JoT3huRmRINTdMTDdEeFFwLWExU0tZQkVKUTZfSUwtaFR0b1pOSWtkU0RkLXB6cm0wNHowbmxZTnZoSzZ6RjhmbkpCVnQ4WVI3bDlIS0pFZjNNQ29WSVdVUk94ZnBSZ0ZrSl9mdkZWemdaNjN2Zk1GV2ZCZnVwWmlhR2l3SWxjUWF2c1Q4c2l4ZDhUQTZBSmgwZW9pR2pvd2lEaDBfXzRxb2JIMFdOdFNMNjRvMXZZd2FXNkhOLWJSR0dLQQ?oc=5\" target=\"_blank\" rel=\"nofollow noopener\">GRAAFIKUD Riigi- ja p\u00f5hikoolieksamite tulemused p\u00fcsivad stabiilsed, kuid muret teevad matemaatika ja keeleoskus<\/a>&nbsp;&nbsp;Postimees<\/li>\n<li><a href=\"https:\/\/news.google.com\/rss\/articles\/CBMiygFBVV95cUxQQ20wbmtncjluVDIybzBuZU5ETUNrVWRCdjYyLTh2M0syTHQ2bURXdkt6R1p4T1hVXzJ2cnVXQnBpRm5kVllOTXBUeV9ydENubmxjMWhKenZFY000OUEwWnhRZDI5MjdEcDdXN1BobzJlY3RnZTVfVjJjb3VQdXEyLWVXNGtXZUpWMWFsUVc0alE5V2JjX3cxS1JsUUxCcHhidEFhSkR4UWlxNHpGNWRwRmdrUUZ6dDVhUW0xajdzNjBiZF9ycVZBVlVB?oc=5\" target=\"_blank\" rel=\"nofollow noopener\">Eksamitulemused p\u00fcsivad endisel tasemel, kuid matemaatikas kasvab l\u00f5he eesti- ja venekeelsete laste vahel<\/a>&nbsp;&nbsp;Delfi<\/li>\n<li><a href=\"https:\/\/news.google.com\/rss\/articles\/CBMiP0FVX3lxTE1JejZyUWlLQmstNlVsWWlvc0p4clQ1ZWM2ejhaXzBWN0xuai1iMFFmV0FaN2Z3MlpXNUc4dHg1WQ?oc=5\" target=\"_blank\" rel=\"nofollow noopener\">Harno: eksamitulemused p\u00fcsivad mullusega sarnasel tasemel<\/a>&nbsp;&nbsp;Uudis.net<\/li>\n<li><a href=\"https:\/\/news.google.com\/rss\/articles\/CBMikwFBVV95cUxPdmt4TV9aLXlTcVlsZ3lmakRMOUlxeEN3aFNMQm5fWC1YbVM5NjRYMjMtVHZDUXV2eGNZclBPUjJXcGZYRXRrSG9yajRBeXdhdUsycHZsb1M1elE0OUl3WmhSc05SX0Zwb0JweEg2a3ppcExUdVBvbUVwRnJOQXc4NFRIckRQbjlRZW5kNDVGa2k3V3c?oc=5\" target=\"_blank\" rel=\"nofollow noopener\">Harno: eksamite tulemused p\u00fcsivad mullusega v\u00f5rreldaval tasemel<\/a>&nbsp;&nbsp;L\u00f5unaeestlane<\/li>\n<li><a href=\"https:\/\/news.google.com\/rss\/articles\/CBMiP0FVX3lxTE9wazNyeTU5YUxOX0pfQVB3MmRQYzBmeUpFWS0xaEFRbVBKVXRMWF9vY2RNUl9HTk96UTBBSDdoMA?oc=5\" target=\"_blank\" rel=\"nofollow noopener\">Eksamite tulemused p\u00fcsivad mullusega v\u00f5rreldaval tasemel<\/a>&nbsp;&nbsp;Uudis.net<\/li>\n<\/ol>\n","protected":false},"excerpt":{"rendered":"GRAAFIKUD Riigi- ja p\u00f5hikoolieksamite tulemused p\u00fcsivad stabiilsed, kuid muret teevad matemaatika ja keeleoskus&nbsp;&nbsp;Postimees Eksamitulemused p\u00fcsivad endisel tasemel, kuid&hellip;\n","protected":false},"author":2,"featured_media":206938,"comment_status":"","ping_status":"","sticky":false,"template":"","format":"standard","meta":{"footnotes":"","_share_on_mastodon":"0"},"categories":[5],"tags":[26,27,37,33,35,4434,34,36,31,32,21,28,29,19,25,52663,84645,23,24,22,20,30],"class_list":["post-206937","post","type-post","status-publish","format-standard","has-post-thumbnail","category-uldised-uudised","tag-breaking-news","tag-breakingnews","tag-ee","tag-eesti","tag-eesti-keel","tag-eksam","tag-estonia","tag-estonian","tag-featured-news","tag-featurednews","tag-headlines","tag-latest-news","tag-latestnews","tag-news","tag-populaarseimad-lood","tag-riigieksam","tag-riigieksami-tulemused","tag-top-stories","tag-topstories","tag-uldised-uudised","tag-uudised","tag-viimased-uudised"],"share_on_mastodon":{"url":"https:\/\/pubeurope.com\/@ee\/116768236236706614","error":""},"_links":{"self":[{"href":"https:\/\/www.europesays.com\/ee\/wp-json\/wp\/v2\/posts\/206937","targetHints":{"allow":["GET"]}}],"collection":[{"href":"https:\/\/www.europesays.com\/ee\/wp-json\/wp\/v2\/posts"}],"about":[{"href":"https:\/\/www.europesays.com\/ee\/wp-json\/wp\/v2\/types\/post"}],"author":[{"embeddable":true,"href":"https:\/\/www.europesays.com\/ee\/wp-json\/wp\/v2\/users\/2"}],"replies":[{"embeddable":true,"href":"https:\/\/www.europesays.com\/ee\/wp-json\/wp\/v2\/comments?post=206937"}],"version-history":[{"count":0,"href":"https:\/\/www.europesays.com\/ee\/wp-json\/wp\/v2\/posts\/206937\/revisions"}],"wp:featuredmedia":[{"embeddable":true,"href":"https:\/\/www.europesays.com\/ee\/wp-json\/wp\/v2\/media\/206938"}],"wp:attachment":[{"href":"https:\/\/www.europesays.com\/ee\/wp-json\/wp\/v2\/media?parent=206937"}],"wp:term":[{"taxonomy":"category","embeddable":true,"href":"https:\/\/www.europesays.com\/ee\/wp-json\/wp\/v2\/categories?post=206937"},{"taxonomy":"post_tag","embeddable":true,"href":"https:\/\/www.europesays.com\/ee\/wp-json\/wp\/v2\/tags?post=206937"}],"curies":[{"name":"wp","href":"https:\/\/api.w.org\/{rel}","templated":true}]}}