{"id":207025,"date":"2026-06-18T05:03:10","date_gmt":"2026-06-18T05:03:10","guid":{"rendered":"https:\/\/www.europesays.com\/ee\/207025\/"},"modified":"2026-06-18T05:03:10","modified_gmt":"2026-06-18T05:03:10","slug":"foto-%e2%9f%a9-michael-jacksoni-eksabikaasa-ilmus-ule-pika-aja-avalikkuse-ette","status":"publish","type":"post","link":"https:\/\/www.europesays.com\/ee\/207025\/","title":{"rendered":"FOTO \u27e9 Michael Jacksoni eksabikaasa ilmus \u00fcle pika aja avalikkuse ette"},"content":{"rendered":"<p>Ameeriklanna Debbie Rowe kohtas popstaar Michael Jacksonit ajal, mil ta t\u00f6\u00f6tas med\u00f5ena n\u00e4ohoolduskliinikus, vahendab <a target=\"_blank\" rel=\"noopener noreferrer nofollow\" href=\"http:\/\/news.bbc.co.uk\/2\/hi\/entertainment\/469586.stm\">BBC.<\/a> Paar abiellus 1996. aastal Austraalias ja nende laulatus tuli paljudele suureks \u00fcllatuseks. See oli m\u00f5lema jaoks teine abielu. K\u00f5igest k\u00fcmme p\u00e4eva varem oli Jackson avalikustanud, et Rowe ootab nende \u00fchist last. Paarile s\u00fcndis kaks last, Prince ja Paris.<\/p>\n","protected":false},"excerpt":{"rendered":"Ameeriklanna Debbie Rowe kohtas popstaar Michael Jacksonit ajal, mil ta t\u00f6\u00f6tas med\u00f5ena n\u00e4ohoolduskliinikus, vahendab BBC. Paar abiellus 1996.&hellip;\n","protected":false},"author":2,"featured_media":207026,"comment_status":"","ping_status":"","sticky":false,"template":"","format":"standard","meta":{"footnotes":"","_share_on_mastodon":"0"},"categories":[91],"tags":[240,1362,84650,37,33,35,173,34,36,241,84651,140,18610,55506,84652,20204,47814,72205],"class_list":["post-207025","post","type-post","status-publish","format-standard","has-post-thumbnail","category-kuulsused","tag-celebrities","tag-daily-mail","tag-debbie-rowe","tag-ee","tag-eesti","tag-eesti-keel","tag-entertainment","tag-estonia","tag-estonian","tag-kuulsused","tag-kuulsuste-eraelu","tag-meelelahutus","tag-michael-jackson","tag-michael-jacksoni-surm","tag-paparatsod","tag-paris-jackson","tag-prince-jackson","tag-tmz"],"share_on_mastodon":{"url":"https:\/\/pubeurope.com\/@ee\/116769364636007818","error":""},"_links":{"self":[{"href":"https:\/\/www.europesays.com\/ee\/wp-json\/wp\/v2\/posts\/207025","targetHints":{"allow":["GET"]}}],"collection":[{"href":"https:\/\/www.europesays.com\/ee\/wp-json\/wp\/v2\/posts"}],"about":[{"href":"https:\/\/www.europesays.com\/ee\/wp-json\/wp\/v2\/types\/post"}],"author":[{"embeddable":true,"href":"https:\/\/www.europesays.com\/ee\/wp-json\/wp\/v2\/users\/2"}],"replies":[{"embeddable":true,"href":"https:\/\/www.europesays.com\/ee\/wp-json\/wp\/v2\/comments?post=207025"}],"version-history":[{"count":0,"href":"https:\/\/www.europesays.com\/ee\/wp-json\/wp\/v2\/posts\/207025\/revisions"}],"wp:featuredmedia":[{"embeddable":true,"href":"https:\/\/www.europesays.com\/ee\/wp-json\/wp\/v2\/media\/207026"}],"wp:attachment":[{"href":"https:\/\/www.europesays.com\/ee\/wp-json\/wp\/v2\/media?parent=207025"}],"wp:term":[{"taxonomy":"category","embeddable":true,"href":"https:\/\/www.europesays.com\/ee\/wp-json\/wp\/v2\/categories?post=207025"},{"taxonomy":"post_tag","embeddable":true,"href":"https:\/\/www.europesays.com\/ee\/wp-json\/wp\/v2\/tags?post=207025"}],"curies":[{"name":"wp","href":"https:\/\/api.w.org\/{rel}","templated":true}]}}