{"id":207051,"date":"2026-06-18T05:45:10","date_gmt":"2026-06-18T05:45:10","guid":{"rendered":"https:\/\/www.europesays.com\/ee\/207051\/"},"modified":"2026-06-18T05:45:10","modified_gmt":"2026-06-18T05:45:10","slug":"indrek-palu-viljandimaal-on-vett-rohkem-kui-ujujaid-tallinnas-vastupidi","status":"publish","type":"post","link":"https:\/\/www.europesays.com\/ee\/207051\/","title":{"rendered":"Indrek Palu: Viljandimaal on vett rohkem kui ujujaid, Tallinnas vastupidi"},"content":{"rendered":"<p>Mitu aastat juhtis Indrek Palu Suure-Jaani Tervisekoda koos selle juurde kuuluva veekeskusega, kuid alates oktoobrist on tema t\u00f6\u00f6v\u00e4li m\u00e4rksa laiem: Tallinna spordikeskuse ujulate valdkonna juhina vastutab ta nelja ujula ja mitme spordikeskuse t\u00f6\u00f6 eest. Elukoht on tal siiski endiselt Suure-Jaanis.<\/p>\n<p>&#8220;Ei saa kurta, t\u00e4itsa normaalne ja tore t\u00f6\u00f6keskkond,&#8221; vastas Palu Sakala k\u00fcsimusele, kuidas tal l\u00e4inud on.<\/p>\n","protected":false},"excerpt":{"rendered":"Mitu aastat juhtis Indrek Palu Suure-Jaani Tervisekoda koos selle juurde kuuluva veekeskusega, kuid alates oktoobrist on tema t\u00f6\u00f6v\u00e4li&hellip;\n","protected":false},"author":2,"featured_media":207052,"comment_status":"","ping_status":"","sticky":false,"template":"","format":"standard","meta":{"footnotes":"","_share_on_mastodon":"0"},"categories":[12],"tags":[622,26,27,37,33,35,34,36,31,32,1780,21,1781,28,29,1778,1773,19,1774,25,1771,1779,23,24,196,22,20,30,986,1782,1776,1777,1775,1772,1784,1785,1783,598],"class_list":["post-207051","post","type-post","status-publish","format-standard","has-post-thumbnail","category-eesti","tag-ajakirjandus","tag-breaking-news","tag-breakingnews","tag-ee","tag-eesti","tag-eesti-keel","tag-estonia","tag-estonian","tag-featured-news","tag-featurednews","tag-folk","tag-headlines","tag-kultuuriakadeemia","tag-latest-news","tag-latestnews","tag-mulgi-vald","tag-mulgimaa","tag-news","tag-pohja-sakala","tag-populaarseimad-lood","tag-sakala","tag-soomaa","tag-top-stories","tag-topstories","tag-ugala","tag-uldised-uudised","tag-uudised","tag-viimased-uudised","tag-viljandi","tag-viljandi-haigla","tag-viljandi-linn","tag-viljandi-uudised","tag-viljandi-vald","tag-viljandimaa","tag-viljandimaa-ettevotlus","tag-viljandimaa-sundmused","tag-viljandimaa-uudised","tag-vortsjarv"],"share_on_mastodon":{"url":"","error":"Validation failed: Text character limit of 500 exceeded"},"_links":{"self":[{"href":"https:\/\/www.europesays.com\/ee\/wp-json\/wp\/v2\/posts\/207051","targetHints":{"allow":["GET"]}}],"collection":[{"href":"https:\/\/www.europesays.com\/ee\/wp-json\/wp\/v2\/posts"}],"about":[{"href":"https:\/\/www.europesays.com\/ee\/wp-json\/wp\/v2\/types\/post"}],"author":[{"embeddable":true,"href":"https:\/\/www.europesays.com\/ee\/wp-json\/wp\/v2\/users\/2"}],"replies":[{"embeddable":true,"href":"https:\/\/www.europesays.com\/ee\/wp-json\/wp\/v2\/comments?post=207051"}],"version-history":[{"count":0,"href":"https:\/\/www.europesays.com\/ee\/wp-json\/wp\/v2\/posts\/207051\/revisions"}],"wp:featuredmedia":[{"embeddable":true,"href":"https:\/\/www.europesays.com\/ee\/wp-json\/wp\/v2\/media\/207052"}],"wp:attachment":[{"href":"https:\/\/www.europesays.com\/ee\/wp-json\/wp\/v2\/media?parent=207051"}],"wp:term":[{"taxonomy":"category","embeddable":true,"href":"https:\/\/www.europesays.com\/ee\/wp-json\/wp\/v2\/categories?post=207051"},{"taxonomy":"post_tag","embeddable":true,"href":"https:\/\/www.europesays.com\/ee\/wp-json\/wp\/v2\/tags?post=207051"}],"curies":[{"name":"wp","href":"https:\/\/api.w.org\/{rel}","templated":true}]}}