{"id":207071,"date":"2026-06-18T06:17:14","date_gmt":"2026-06-18T06:17:14","guid":{"rendered":"https:\/\/www.europesays.com\/ee\/207071\/"},"modified":"2026-06-18T06:17:14","modified_gmt":"2026-06-18T06:17:14","slug":"ukraina-droonirunnak-suutas-krimmis-strateegilise-raudteesilla","status":"publish","type":"post","link":"https:\/\/www.europesays.com\/ee\/207071\/","title":{"rendered":"Ukraina droonir\u00fcnnak s\u00fc\u00fctas Krimmis strateegilise raudteesilla"},"content":{"rendered":"<p>Rozdolne k\u00fcla l\u00e4hedal asuv sild \u00fcletab P\u00f5hja-Krimmi kanali ning asub Kert\u0161i-D\u017eankoi raudteeliinil. Tegemist on Vene v\u00e4gede peamise tuiksoonega, mida m\u00f6\u00f6da transporditakse l\u00f5unarindele k\u00fctust ja s\u00f5javarustust. <\/p>\n<p>Seirekanali hinnangul on tegu kriitilise t\u00e4htsusega taristuobjektiga, mille rivist v\u00e4ljal\u00f6\u00f6mine v\u00f5ib kauba- ja reisirongiliikluse t\u00e4ielikult halvata.<\/p>\n<p>Kohalike elanike s\u00f5nul oli piirkonnas kuulda umbes 20 plahvatust ning sotsiaalmeedias levivates piltides ja videotes on n\u00e4ha s\u00fcndmuskohalt t\u00f5usvat suitsu. <\/p>\n<p>V\u00e4idetavalt oli r\u00fcnnaku sihtm\u00e4rgiks ka l\u00e4hedal asuv maanteesild, kuid selle kahjustuste ulatus pole veel teada. S\u00f5ltumatud allikad ega osapoolte ametnikud pole tabamusi veel ametlikult kinnitanud.<\/p>\n<p>See operatsioon on osa Kiievi laiemast kampaaniast l\u00f5igata l\u00e4bi Krimmi ja okupeeritud L\u00f5una-Ukrainat \u00fchendavad transpordis\u00f5lmed. Poolsaarest on saanud Ukraina n-\u00f6 keskpika maa tagalar\u00fcnnakute peamine sihtm\u00e4rk, kus droonidega h\u00e4vitatakse vaenlase objekte 25 kuni 200 kilomeetri s\u00fcgavusel rindejoonest. <\/p>\n<p>Alles \u00f6\u00f6l vastu kolmap\u00e4eva r\u00fcndasid Ukraina v\u00e4ed peastaabi teatel kaht maanteesilda \u2013 \u00fchte Stavky k\u00fcla l\u00e4hedal ja teist Hersoni oblastis. <\/p>\n<p>Eelmisel n\u00e4dalal h\u00e4vitati Armjanski silla r\u00fcnnakus ligi 50 Vene s\u00f5jamasinat ning purustati t\u00e4ielikult oluline T\u0161onhari sild.<\/p>\n<p>Ukraina mehitamata s\u00fcsteemide v\u00e4eliigi \u00fclem <a rel=\"noopener nofollow\" target=\"_blank\" href=\"https:\/\/www.delfi.ee\/teema\/96879343\/robert-brovdi\" tag-id=\"96879343\">Robert Brovdi<\/a> kinnitas, et Ukraina eesm\u00e4rk on Krimm Venemaast t\u00e4ielikult isoleerida. Tema s\u00f5nul on Venemaad ja okupeeritud Krimmi l\u00e4bi Mariupoli ja Melitopoli \u00fchendaval maanteel R-280 s\u00f5jav\u00e4e kaubavedude maht r\u00fcnnakute t\u00f5ttu kahanenud juba 71 protsenti. <\/p>\n<p>Kuidas see lugu Sind end tundma pani? Saada <a href=\"https:\/\/www.delfi.ee\/artikkel\/120591733\/ukraina-droonirunnak-suutas-krimmis-strateegilise-raudteesilla\/kommentaarid\" class=\"article-body-bottom__comment article-body-bottom__comment--write button button--primary button--size-auto\" rel=\"nofollow noopener\" target=\"_blank\"> Kommenteeri <\/a><a href=\"https:\/\/www.delfi.ee\/artikkel\/120591733\/ukraina-droonirunnak-suutas-krimmis-strateegilise-raudteesilla\/kommentaarid\" class=\"article-body-bottom__comment article-body-bottom__comment--read button button--size-auto\" rel=\"nofollow noopener\" target=\"_blank\"> Loe kommentaare (6)<\/a><\/p>\n","protected":false},"excerpt":{"rendered":"Rozdolne k\u00fcla l\u00e4hedal asuv sild \u00fcletab P\u00f5hja-Krimmi kanali ning asub Kert\u0161i-D\u017eankoi raudteeliinil. Tegemist on Vene v\u00e4gede peamise tuiksoonega,&hellip;\n","protected":false},"author":2,"featured_media":207072,"comment_status":"","ping_status":"","sticky":false,"template":"","format":"standard","meta":{"footnotes":"","_share_on_mastodon":"0"},"categories":[80],"tags":[26,27,37,33,35,34,36,31,32,21,1856,28,29,95,19,25,84669,60684,107,23,24,22,20,30,92,93,94],"class_list":["post-207071","post","type-post","status-publish","format-standard","has-post-thumbnail","category-maailm","tag-breaking-news","tag-breakingnews","tag-ee","tag-eesti","tag-eesti-keel","tag-estonia","tag-estonian","tag-featured-news","tag-featurednews","tag-headlines","tag-krimm","tag-latest-news","tag-latestnews","tag-maailm","tag-news","tag-populaarseimad-lood","tag-raudteesild","tag-robert-brovdi","tag-soda-ukrainas","tag-top-stories","tag-topstories","tag-uldised-uudised","tag-uudised","tag-viimased-uudised","tag-world","tag-world-news","tag-worldnews"],"share_on_mastodon":{"url":"https:\/\/pubeurope.com\/@ee\/116769655637901257","error":""},"_links":{"self":[{"href":"https:\/\/www.europesays.com\/ee\/wp-json\/wp\/v2\/posts\/207071","targetHints":{"allow":["GET"]}}],"collection":[{"href":"https:\/\/www.europesays.com\/ee\/wp-json\/wp\/v2\/posts"}],"about":[{"href":"https:\/\/www.europesays.com\/ee\/wp-json\/wp\/v2\/types\/post"}],"author":[{"embeddable":true,"href":"https:\/\/www.europesays.com\/ee\/wp-json\/wp\/v2\/users\/2"}],"replies":[{"embeddable":true,"href":"https:\/\/www.europesays.com\/ee\/wp-json\/wp\/v2\/comments?post=207071"}],"version-history":[{"count":0,"href":"https:\/\/www.europesays.com\/ee\/wp-json\/wp\/v2\/posts\/207071\/revisions"}],"wp:featuredmedia":[{"embeddable":true,"href":"https:\/\/www.europesays.com\/ee\/wp-json\/wp\/v2\/media\/207072"}],"wp:attachment":[{"href":"https:\/\/www.europesays.com\/ee\/wp-json\/wp\/v2\/media?parent=207071"}],"wp:term":[{"taxonomy":"category","embeddable":true,"href":"https:\/\/www.europesays.com\/ee\/wp-json\/wp\/v2\/categories?post=207071"},{"taxonomy":"post_tag","embeddable":true,"href":"https:\/\/www.europesays.com\/ee\/wp-json\/wp\/v2\/tags?post=207071"}],"curies":[{"name":"wp","href":"https:\/\/api.w.org\/{rel}","templated":true}]}}