{"id":207127,"date":"2026-06-18T07:12:07","date_gmt":"2026-06-18T07:12:07","guid":{"rendered":"https:\/\/www.europesays.com\/ee\/207127\/"},"modified":"2026-06-18T07:12:07","modified_gmt":"2026-06-18T07:12:07","slug":"venemaa-lasi-ukraina-pihta-seitse-iskanderi-raketti-ja-ule-200-mehitamata-ohusoiduki","status":"publish","type":"post","link":"https:\/\/www.europesays.com\/ee\/207127\/","title":{"rendered":"Venemaa lasi Ukraina pihta seitse Iskanderi raketti ja \u00fcle 200 mehitamata \u00f5hus\u00f5iduki"},"content":{"rendered":"<p>T\u00e4na hommikul kella kaheksaks kohaliku aja j\u00e4rgi oli Ukraina \u00f5hut\u00f5rje riigi p\u00f5hja-, l\u00f5una- ja idaosas alla tulistanud v\u00f5i elektrooniliselt maha surunud 216 sihtm\u00e4rki: neli ballistilist raketti ning 212 vaenlase Shahed-, Gerbera-, Italmas- ja muud t\u00fc\u00fcpi drooni, kirjutab Ukrainski Pravda. <\/p>\n<p>Sihtm\u00e4rgini p\u00e4\u00e4ses kaks raketti ja 26 r\u00fcndedrooni, mis tabasid kokku \u00fcheksat asukohta. <\/p>\n<p>Veel seitsmes kohas registreeriti allakukkunud rusude tekitatud kahju, samas kui viimase, seitsmenda ballistilise raketi tabamuse andmeid alles t\u00e4psustatakse. <\/p>\n<p>Venemaa lasi raketid teele Vorone\u017ei, Brjanski ja Kurski oblastist, r\u00fcndedroonid aga Kurski, Orjoli ja Primorsko-Ahtarski linnadest ning okupeeritud <a rel=\"noopener nofollow\" target=\"_blank\" href=\"https:\/\/www.delfi.ee\/teema\/56817396\/krimm\" tag-id=\"56817396\">Krimmist<\/a> ja <a rel=\"noopener nofollow\" target=\"_blank\" href=\"https:\/\/www.delfi.ee\/teema\/68398911\/donetsk\" tag-id=\"68398911\">Donetskist<\/a>.<\/p>\n<p>\u00d5hur\u00fcnnaku t\u00f5rjumises osalesid Ukraina lennuv\u00e4gi, \u00f5hut\u00f5rjeraketiv\u00e4ed, elektroonilise s\u00f5japidamise \u00fcksused ja mobiilsed \u00f5hut\u00f5rjer\u00fchmad. <\/p>\n<p>Hommikuse seisuga r\u00fcnnakud veel j\u00e4tkusid. <\/p>\n<p>Kuidas see lugu Sind end tundma pani? Saada <a href=\"https:\/\/www.delfi.ee\/artikkel\/120591750\/venemaa-lasi-ukraina-pihta-valja-seitse-iskanderi-raketti-ule-200-mehitamata-ohusoiduki\/kommentaarid\" class=\"article-body-bottom__comment article-body-bottom__comment--write button button--primary button--size-auto\" rel=\"nofollow noopener\" target=\"_blank\"> Kommenteeri <\/a><a href=\"https:\/\/www.delfi.ee\/artikkel\/120591750\/venemaa-lasi-ukraina-pihta-valja-seitse-iskanderi-raketti-ule-200-mehitamata-ohusoiduki\/kommentaarid\" class=\"article-body-bottom__comment article-body-bottom__comment--read button button--size-auto\" rel=\"nofollow noopener\" target=\"_blank\"> Loe kommentaare (23)<\/a><\/p>\n","protected":false},"excerpt":{"rendered":"T\u00e4na hommikul kella kaheksaks kohaliku aja j\u00e4rgi oli Ukraina \u00f5hut\u00f5rje riigi p\u00f5hja-, l\u00f5una- ja idaosas alla tulistanud v\u00f5i&hellip;\n","protected":false},"author":2,"featured_media":207128,"comment_status":"","ping_status":"","sticky":false,"template":"","format":"standard","meta":{"footnotes":"","_share_on_mastodon":"0"},"categories":[80],"tags":[26,27,4556,37,33,35,34,36,31,32,21,25885,1856,28,29,95,19,25,107,23,24,22,20,30,92,93,94],"class_list":["post-207127","post","type-post","status-publish","format-standard","has-post-thumbnail","category-maailm","tag-breaking-news","tag-breakingnews","tag-donetsk","tag-ee","tag-eesti","tag-eesti-keel","tag-estonia","tag-estonian","tag-featured-news","tag-featurednews","tag-headlines","tag-iskander","tag-krimm","tag-latest-news","tag-latestnews","tag-maailm","tag-news","tag-populaarseimad-lood","tag-soda-ukrainas","tag-top-stories","tag-topstories","tag-uldised-uudised","tag-uudised","tag-viimased-uudised","tag-world","tag-world-news","tag-worldnews"],"share_on_mastodon":{"url":"","error":""},"_links":{"self":[{"href":"https:\/\/www.europesays.com\/ee\/wp-json\/wp\/v2\/posts\/207127","targetHints":{"allow":["GET"]}}],"collection":[{"href":"https:\/\/www.europesays.com\/ee\/wp-json\/wp\/v2\/posts"}],"about":[{"href":"https:\/\/www.europesays.com\/ee\/wp-json\/wp\/v2\/types\/post"}],"author":[{"embeddable":true,"href":"https:\/\/www.europesays.com\/ee\/wp-json\/wp\/v2\/users\/2"}],"replies":[{"embeddable":true,"href":"https:\/\/www.europesays.com\/ee\/wp-json\/wp\/v2\/comments?post=207127"}],"version-history":[{"count":0,"href":"https:\/\/www.europesays.com\/ee\/wp-json\/wp\/v2\/posts\/207127\/revisions"}],"wp:featuredmedia":[{"embeddable":true,"href":"https:\/\/www.europesays.com\/ee\/wp-json\/wp\/v2\/media\/207128"}],"wp:attachment":[{"href":"https:\/\/www.europesays.com\/ee\/wp-json\/wp\/v2\/media?parent=207127"}],"wp:term":[{"taxonomy":"category","embeddable":true,"href":"https:\/\/www.europesays.com\/ee\/wp-json\/wp\/v2\/categories?post=207127"},{"taxonomy":"post_tag","embeddable":true,"href":"https:\/\/www.europesays.com\/ee\/wp-json\/wp\/v2\/tags?post=207127"}],"curies":[{"name":"wp","href":"https:\/\/api.w.org\/{rel}","templated":true}]}}