{"id":207129,"date":"2026-06-18T07:13:22","date_gmt":"2026-06-18T07:13:22","guid":{"rendered":"https:\/\/www.europesays.com\/ee\/207129\/"},"modified":"2026-06-18T07:13:22","modified_gmt":"2026-06-18T07:13:22","slug":"kuku-%e2%9f%a9-peeter-raudsepp-tundub-et-ajakirjandus-tahab-mind-kolvartiga-tulli-ajada","status":"publish","type":"post","link":"https:\/\/www.europesays.com\/ee\/207129\/","title":{"rendered":"KUKU \u27e9 Peeter Raudsepp: tundub, et ajakirjandus tahab mind K\u00f5lvartiga t\u00fclli ajada"},"content":{"rendered":"<p>Peeter Raudsepp \u00fctles, et praegune linnavalitsus erineb eelmisest, kus koalitsioonis oli neli osapoolt ja linnakodanik n\u00e4gi l\u00f5ppematut janti. N\u00fc\u00fcd on kaks osapoolt, omavaheline l\u00e4bisaamine on tema s\u00f5nul hea ja koost\u00f6\u00f6 toimib. Raudsepa s\u00f5nul pole selles midagi \u00fcllatavat, et koalitsioonin\u00f5ukogus asju arutatakse, sest kui on koalitsioon ja koalitsioonileping, siis on ka koalitsioonin\u00f5ukogu, kus k\u00f5igest r\u00e4\u00e4gitakse.<\/p>\n","protected":false},"excerpt":{"rendered":"Peeter Raudsepp \u00fctles, et praegune linnavalitsus erineb eelmisest, kus koalitsioonis oli neli osapoolt ja linnakodanik n\u00e4gi l\u00f5ppematut janti.&hellip;\n","protected":false},"author":2,"featured_media":207130,"comment_status":"","ping_status":"","sticky":false,"template":"","format":"standard","meta":{"footnotes":"","_share_on_mastodon":"0"},"categories":[12],"tags":[26,27,37,33,35,34,36,31,32,21,28,29,647,19,4130,25,2130,23,24,22,20,30],"class_list":["post-207129","post","type-post","status-publish","format-standard","has-post-thumbnail","category-eesti","tag-breaking-news","tag-breakingnews","tag-ee","tag-eesti","tag-eesti-keel","tag-estonia","tag-estonian","tag-featured-news","tag-featurednews","tag-headlines","tag-latest-news","tag-latestnews","tag-mihhail-kolvart","tag-news","tag-peeter-raudsepp","tag-populaarseimad-lood","tag-tallinn","tag-top-stories","tag-topstories","tag-uldised-uudised","tag-uudised","tag-viimased-uudised"],"share_on_mastodon":{"url":"https:\/\/pubeurope.com\/@ee\/116769875837392562","error":""},"_links":{"self":[{"href":"https:\/\/www.europesays.com\/ee\/wp-json\/wp\/v2\/posts\/207129","targetHints":{"allow":["GET"]}}],"collection":[{"href":"https:\/\/www.europesays.com\/ee\/wp-json\/wp\/v2\/posts"}],"about":[{"href":"https:\/\/www.europesays.com\/ee\/wp-json\/wp\/v2\/types\/post"}],"author":[{"embeddable":true,"href":"https:\/\/www.europesays.com\/ee\/wp-json\/wp\/v2\/users\/2"}],"replies":[{"embeddable":true,"href":"https:\/\/www.europesays.com\/ee\/wp-json\/wp\/v2\/comments?post=207129"}],"version-history":[{"count":0,"href":"https:\/\/www.europesays.com\/ee\/wp-json\/wp\/v2\/posts\/207129\/revisions"}],"wp:featuredmedia":[{"embeddable":true,"href":"https:\/\/www.europesays.com\/ee\/wp-json\/wp\/v2\/media\/207130"}],"wp:attachment":[{"href":"https:\/\/www.europesays.com\/ee\/wp-json\/wp\/v2\/media?parent=207129"}],"wp:term":[{"taxonomy":"category","embeddable":true,"href":"https:\/\/www.europesays.com\/ee\/wp-json\/wp\/v2\/categories?post=207129"},{"taxonomy":"post_tag","embeddable":true,"href":"https:\/\/www.europesays.com\/ee\/wp-json\/wp\/v2\/tags?post=207129"}],"curies":[{"name":"wp","href":"https:\/\/api.w.org\/{rel}","templated":true}]}}