{"id":207181,"date":"2026-06-18T08:07:12","date_gmt":"2026-06-18T08:07:12","guid":{"rendered":"https:\/\/www.europesays.com\/ee\/207181\/"},"modified":"2026-06-18T08:07:12","modified_gmt":"2026-06-18T08:07:12","slug":"ongi-koik-netflixi-suhtesaatest-rootsi-mehe-leidnud-eestlanna-lahutab-abielu","status":"publish","type":"post","link":"https:\/\/www.europesays.com\/ee\/207181\/","title":{"rendered":"Ongi k\u00f5ik! Netflixi suhtesaatest Rootsi mehe leidnud eestlanna lahutab abielu"},"content":{"rendered":"<p>Eestlanna Krisse-Ly (33) leidis Netflixi saatest enda k\u00f5rvale silmar\u00f5\u00f5mu Rasmus Hedenstendti (35), kellega ka leivad \u00fchte kappi pani. Mullu said nad pisipoja Keliani vanemateks. N\u00fc\u00fcd on Krisse-Ly sotsiaalmeedias teatanud, et tema ja Rasmus l\u00e4hevad p\u00e4rast pea kolm aastat kestnud abielu lahku. <\/p>\n<p>\u201eTeatan suure kurbusega, et Rasmus ja mina oleme p\u00e4rast kolm aastat kestnud abielu otsustanud minna eri teid,\u201c alustas eestlanna oma postitust Instagramis, kus ta lahkuminekust nii rootsi kui ka inglise keeles kirjutas. <\/p>\n<p>Oled juba tellija?Logi sisse<\/p>\n<p><a href=\"https:\/\/kroonika.delfi.ee\/artikkel\/120591747\/ongi-koik-netflixi-suhtesaatest-rootsi-mehe-leidnud-eestlanna-lahutab-abielu\/kommentaarid\" class=\"article-body-bottom__comment article-body-bottom__comment--write button button--primary button--size-auto\" rel=\"nofollow noopener\" target=\"_blank\"> Kommenteeri <\/a><a href=\"https:\/\/kroonika.delfi.ee\/artikkel\/120591747\/ongi-koik-netflixi-suhtesaatest-rootsi-mehe-leidnud-eestlanna-lahutab-abielu\/kommentaarid\" class=\"article-body-bottom__comment article-body-bottom__comment--read button button--size-auto\" rel=\"nofollow noopener\" target=\"_blank\"> Loe kommentaare (9)<\/a><\/p>\n","protected":false},"excerpt":{"rendered":"Eestlanna Krisse-Ly (33) leidis Netflixi saatest enda k\u00f5rvale silmar\u00f5\u00f5mu Rasmus Hedenstendti (35), kellega ka leivad \u00fchte kappi pani.&hellip;\n","protected":false},"author":2,"featured_media":207182,"comment_status":"","ping_status":"","sticky":false,"template":"","format":"standard","meta":{"footnotes":"","_share_on_mastodon":"0"},"categories":[80],"tags":[26,27,37,33,35,34,36,31,32,21,28,29,95,8577,19,25,23,24,22,20,30,92,93,94],"class_list":["post-207181","post","type-post","status-publish","format-standard","has-post-thumbnail","category-maailm","tag-breaking-news","tag-breakingnews","tag-ee","tag-eesti","tag-eesti-keel","tag-estonia","tag-estonian","tag-featured-news","tag-featurednews","tag-headlines","tag-latest-news","tag-latestnews","tag-maailm","tag-netflix","tag-news","tag-populaarseimad-lood","tag-top-stories","tag-topstories","tag-uldised-uudised","tag-uudised","tag-viimased-uudised","tag-world","tag-world-news","tag-worldnews"],"share_on_mastodon":{"url":"https:\/\/pubeurope.com\/@ee\/116770088321934595","error":""},"_links":{"self":[{"href":"https:\/\/www.europesays.com\/ee\/wp-json\/wp\/v2\/posts\/207181","targetHints":{"allow":["GET"]}}],"collection":[{"href":"https:\/\/www.europesays.com\/ee\/wp-json\/wp\/v2\/posts"}],"about":[{"href":"https:\/\/www.europesays.com\/ee\/wp-json\/wp\/v2\/types\/post"}],"author":[{"embeddable":true,"href":"https:\/\/www.europesays.com\/ee\/wp-json\/wp\/v2\/users\/2"}],"replies":[{"embeddable":true,"href":"https:\/\/www.europesays.com\/ee\/wp-json\/wp\/v2\/comments?post=207181"}],"version-history":[{"count":0,"href":"https:\/\/www.europesays.com\/ee\/wp-json\/wp\/v2\/posts\/207181\/revisions"}],"wp:featuredmedia":[{"embeddable":true,"href":"https:\/\/www.europesays.com\/ee\/wp-json\/wp\/v2\/media\/207182"}],"wp:attachment":[{"href":"https:\/\/www.europesays.com\/ee\/wp-json\/wp\/v2\/media?parent=207181"}],"wp:term":[{"taxonomy":"category","embeddable":true,"href":"https:\/\/www.europesays.com\/ee\/wp-json\/wp\/v2\/categories?post=207181"},{"taxonomy":"post_tag","embeddable":true,"href":"https:\/\/www.europesays.com\/ee\/wp-json\/wp\/v2\/tags?post=207181"}],"curies":[{"name":"wp","href":"https:\/\/api.w.org\/{rel}","templated":true}]}}